{"id":1160,"date":"2020-04-22T19:05:56","date_gmt":"2020-04-22T17:05:56","guid":{"rendered":"http:\/\/sportjudo.cz\/?p=1160"},"modified":"2020-04-22T19:07:38","modified_gmt":"2020-04-22T17:07:38","slug":"judisticky-trenink-v-izolaci-s-pavlem-petrikovem","status":"publish","type":"post","link":"http:\/\/sportjudo.cz\/?p=1160","title":{"rendered":"Judistick\u00fd tr\u00e9nink v izolaci s Pavlem Pet\u0159ikovem"},"content":{"rendered":"<p>Vyhra\u010f si 40 minut \u010dasu, oble\u010d se do sportovn\u00edho, ud\u011blej si kolem sebe prostor a zatr\u00e9nuj si pod veden\u00edm \u010desk\u00e9ho reprezentanta v judu Pavla Pet\u0159ikova.<\/p>\n<p><iframe loading=\"lazy\" title=\"Judistick\u00fd tr\u00e9nink v izolaci s Pavlem Pet\u0159ikovem\" width=\"500\" height=\"281\" src=\"https:\/\/www.youtube.com\/embed\/lUVxqCiVu-8?feature=oembed\" frameborder=\"0\" allow=\"accelerometer; autoplay; clipboard-write; encrypted-media; gyroscope; picture-in-picture\" allowfullscreen><\/iframe><\/p>\n<p><span style=\"font-size: 12px;\"><em>zdroj: \u010cesk\u00e9 judo<\/em><\/span><\/p>\n<p>&nbsp;<\/p>\n","protected":false},"excerpt":{"rendered":"<p>Vyhra\u010f si 40 minut \u010dasu, oble\u010d se do sportovn\u00edho, ud\u011blej si kolem sebe prostor a zatr\u00e9nuj si pod veden\u00edm \u010desk\u00e9ho reprezentanta v judu Pavla Pet\u0159ikova. zdroj: \u010cesk\u00e9 judo &nbsp;<\/p>\n","protected":false},"author":3,"featured_media":954,"comment_status":"closed","ping_status":"open","sticky":false,"template":"","format":"status","meta":{"ngg_post_thumbnail":0},"categories":[15],"tags":[],"_links":{"self":[{"href":"http:\/\/sportjudo.cz\/index.php?rest_route=\/wp\/v2\/posts\/1160"}],"collection":[{"href":"http:\/\/sportjudo.cz\/index.php?rest_route=\/wp\/v2\/posts"}],"about":[{"href":"http:\/\/sportjudo.cz\/index.php?rest_route=\/wp\/v2\/types\/post"}],"author":[{"embeddable":true,"href":"http:\/\/sportjudo.cz\/index.php?rest_route=\/wp\/v2\/users\/3"}],"replies":[{"embeddable":true,"href":"http:\/\/sportjudo.cz\/index.php?rest_route=%2Fwp%2Fv2%2Fcomments&post=1160"}],"version-history":[{"count":3,"href":"http:\/\/sportjudo.cz\/index.php?rest_route=\/wp\/v2\/posts\/1160\/revisions"}],"predecessor-version":[{"id":1164,"href":"http:\/\/sportjudo.cz\/index.php?rest_route=\/wp\/v2\/posts\/1160\/revisions\/1164"}],"wp:featuredmedia":[{"embeddable":true,"href":"http:\/\/sportjudo.cz\/index.php?rest_route=\/wp\/v2\/media\/954"}],"wp:attachment":[{"href":"http:\/\/sportjudo.cz\/index.php?rest_route=%2Fwp%2Fv2%2Fmedia&parent=1160"}],"wp:term":[{"taxonomy":"category","embeddable":true,"href":"http:\/\/sportjudo.cz\/index.php?rest_route=%2Fwp%2Fv2%2Fcategories&post=1160"},{"taxonomy":"post_tag","embeddable":true,"href":"http:\/\/sportjudo.cz\/index.php?rest_route=%2Fwp%2Fv2%2Ftags&post=1160"}],"curies":[{"name":"wp","href":"https:\/\/api.w.org\/{rel}","templated":true}]}}