{"id":1224,"date":"2020-05-07T14:31:34","date_gmt":"2020-05-07T12:31:34","guid":{"rendered":"http:\/\/sportjudo.cz\/?p=1224"},"modified":"2020-05-19T15:32:46","modified_gmt":"2020-05-19T13:32:46","slug":"omezeny-rezim-odpolednich-treninku","status":"publish","type":"post","link":"http:\/\/sportjudo.cz\/?p=1224","title":{"rendered":"Omezen\u00fd re\u017eim odpoledn\u00edch tr\u00e9nink\u016f od 11.5.2020"},"content":{"rendered":"<p><span style=\"color: #0000ff;\">platn\u00fd od 11.5.2020 &#8211; 24.5.2020<\/span><\/p>\n<table style=\"border-collapse: collapse; width: 100%;\" border=\"1\">\n<tbody>\n<tr>\n<td style=\"width: 22.44139508290452%; text-align: center;\">pond\u011bl\u00ed<\/td>\n<td style=\"width: 44.22527158376215%; text-align: center;\">15.30 &#8211; 16.30<\/p>\n<p>n\u00e1bor, za\u010d\u00e1te\u010dn\u00edci<\/td>\n<td style=\"width: 33.333333333333336%; text-align: center;\">&nbsp;<\/td>\n<\/tr>\n<tr>\n<td style=\"width: 22.44139508290452%; text-align: center;\">\u00fater\u00fd<\/td>\n<td style=\"width: 44.22527158376215%; text-align: center;\">15.00 &#8211; 17.00<\/p>\n<p>\u017eactvo<\/td>\n<td style=\"width: 33.333333333333336%; text-align: center;\">17.00 &#8211; 19.00<\/p>\n<p>dorost a star\u0161\u00ed<\/td>\n<\/tr>\n<tr>\n<td style=\"width: 22.44139508290452%; text-align: center;\">st\u0159eda<\/td>\n<td style=\"width: 44.22527158376215%; text-align: center;\">15.30 &#8211; 17.00<\/p>\n<p>p\u0159\u00edpravka<\/td>\n<td style=\"width: 33.333333333333336%; text-align: center;\">&nbsp;<\/td>\n<\/tr>\n<tr>\n<td style=\"width: 22.44139508290452%; text-align: center;\">\u010dtrvrtek<\/td>\n<td style=\"width: 44.22527158376215%; text-align: center;\">15.00 &#8211; 17.00<\/p>\n<p>\u017eactvo<\/td>\n<td style=\"width: 33.333333333333336%; text-align: center;\">17.00 &#8211; 19.00<\/p>\n<p>dorost a star\u0161\u00ed<\/td>\n<\/tr>\n<tr>\n<td style=\"width: 22.44139508290452%; text-align: center;\">p\u00e1tek<\/td>\n<td style=\"width: 44.22527158376215%; text-align: center;\">15.30 &#8211; 17.00<\/p>\n<p>p\u0159\u00edpravka<\/td>\n<td style=\"width: 33.333333333333336%; text-align: center;\">&nbsp;<\/td>\n<\/tr>\n<\/tbody>\n<\/table>\n<p>&nbsp;<\/p>\n","protected":false},"excerpt":{"rendered":"<p>platn\u00fd od 11.5.2020 &#8211; 24.5.2020 pond\u011bl\u00ed 15.30 &#8211; 16.30 n\u00e1bor, za\u010d\u00e1te\u010dn\u00edci &nbsp; \u00fater\u00fd 15.00 &#8211; 17.00 \u017eactvo 17.00 &#8211; 19.00 dorost a star\u0161\u00ed st\u0159eda 15.30 &#8211; 17.00 p\u0159\u00edpravka &nbsp; \u010dtrvrtek 15.00 &#8211; 17.00 \u017eactvo 17.00 &#8211; 19.00 dorost a star\u0161\u00ed p\u00e1tek 15.30 &#8211; 17.00 p\u0159\u00edpravka &nbsp; &nbsp;<\/p>\n","protected":false},"author":3,"featured_media":944,"comment_status":"closed","ping_status":"open","sticky":false,"template":"","format":"status","meta":{"ngg_post_thumbnail":0},"categories":[1],"tags":[],"_links":{"self":[{"href":"http:\/\/sportjudo.cz\/index.php?rest_route=\/wp\/v2\/posts\/1224"}],"collection":[{"href":"http:\/\/sportjudo.cz\/index.php?rest_route=\/wp\/v2\/posts"}],"about":[{"href":"http:\/\/sportjudo.cz\/index.php?rest_route=\/wp\/v2\/types\/post"}],"author":[{"embeddable":true,"href":"http:\/\/sportjudo.cz\/index.php?rest_route=\/wp\/v2\/users\/3"}],"replies":[{"embeddable":true,"href":"http:\/\/sportjudo.cz\/index.php?rest_route=%2Fwp%2Fv2%2Fcomments&post=1224"}],"version-history":[{"count":3,"href":"http:\/\/sportjudo.cz\/index.php?rest_route=\/wp\/v2\/posts\/1224\/revisions"}],"predecessor-version":[{"id":1240,"href":"http:\/\/sportjudo.cz\/index.php?rest_route=\/wp\/v2\/posts\/1224\/revisions\/1240"}],"wp:featuredmedia":[{"embeddable":true,"href":"http:\/\/sportjudo.cz\/index.php?rest_route=\/wp\/v2\/media\/944"}],"wp:attachment":[{"href":"http:\/\/sportjudo.cz\/index.php?rest_route=%2Fwp%2Fv2%2Fmedia&parent=1224"}],"wp:term":[{"taxonomy":"category","embeddable":true,"href":"http:\/\/sportjudo.cz\/index.php?rest_route=%2Fwp%2Fv2%2Fcategories&post=1224"},{"taxonomy":"post_tag","embeddable":true,"href":"http:\/\/sportjudo.cz\/index.php?rest_route=%2Fwp%2Fv2%2Ftags&post=1224"}],"curies":[{"name":"wp","href":"https:\/\/api.w.org\/{rel}","templated":true}]}}