{"id":1263,"date":"2020-06-19T15:27:00","date_gmt":"2020-06-19T13:27:00","guid":{"rendered":"http:\/\/sportjudo.cz\/?p=1263"},"modified":"2020-08-09T15:34:26","modified_gmt":"2020-08-09T13:34:26","slug":"vt-krkonose-2","status":"publish","type":"post","link":"http:\/\/sportjudo.cz\/?p=1263","title":{"rendered":"VT Krkono\u0161e 2"},"content":{"rendered":"<p>15.-19.6.&nbsp; VT Krkono\u0161e &#8211; Horsk\u00fd hotel &#8211; Sporty &#8211; \u010cern\u00e1 hora<\/p>\n<p>Tren\u00e9\u0159i : V.\u010cerv\u00edn, D.Lorenc<\/p>\n<p>Z\u00e1vodn\u00edci : Luk\u00e1\u0161 R\u00fa\u017ea, Jan Vok\u00e1l, Va\u0161ek Nov\u00e1\u010dek, Daniel Bayer, Patrik<br \/>\nGab\u0161t\u016fr, Jirka Holub a Michal Dole\u017eal<\/p>\n<p>T\u016fra z \u010cern\u00e9 hory na Sn\u011b\u017eku a zp\u011bt = 30 km. N\u00e1ro\u010dn\u00fd tr\u00e9nink v t\u011blocvi\u010dn\u011b<br \/>\na hlavn\u011b venku ve vysok\u00e9 nadmo\u0159sk\u00e9 v\u00fd\u0161ce.<\/p>\n<!-- index.php -->\n<div\n\tclass=\"ngg-galleryoverview\"\n\tid=\"ngg-gallery-fb61a5a571b1e60bf5c449a67362d347-1\">\n\n    \t\t<!-- Thumbnails -->\n\t\t\t\t<div id=\"ngg-image-0\" class=\"ngg-gallery-thumbnail-box\" >\n\t\t\t\t        <div class=\"ngg-gallery-thumbnail\">\n            <a href=\"http:\/\/sportjudo.cz\/vt-krkonose-2-2020\/01_VT_Krkonose_2_2020.jpg\"\n               title=\"\"\n               data-src=\"http:\/\/sportjudo.cz\/vt-krkonose-2-2020\/01_VT_Krkonose_2_2020.jpg\"\n               data-thumbnail=\"http:\/\/sportjudo.cz\/vt-krkonose-2-2020\/thumbs\/thumbs_01_VT_Krkonose_2_2020.jpg\"\n               data-image-id=\"115\"\n               data-title=\"01_VT_Krkonose_2_2020\"\n               data-description=\"\"\n               data-image-slug=\"01_vt_krkonose_2_2020\"\n               class='use_imagebrowser_effect' data-imagebrowser-url='http:\/\/sportjudo.cz\/index.php\/nggallery\/image\/%STUB%?p=1263'>\n                <img\n                    title=\"01_VT_Krkonose_2_2020\"\n                    alt=\"01_VT_Krkonose_2_2020\"\n                    src=\"http:\/\/sportjudo.cz\/vt-krkonose-2-2020\/thumbs\/thumbs_01_VT_Krkonose_2_2020.jpg\"\n                    width=\"240\"\n                    height=\"160\"\n                    style=\"max-width:100%;\"\n                \/>\n            <\/a>\n        <\/div>\n\t\t\t\t\t\t\t<\/div> \n\t\t\t\n        \n\t\t\t\t<div id=\"ngg-image-1\" class=\"ngg-gallery-thumbnail-box\" >\n\t\t\t\t        <div class=\"ngg-gallery-thumbnail\">\n            <a href=\"http:\/\/sportjudo.cz\/vt-krkonose-2-2020\/02_VT_Krkonose_2_2020.jpg\"\n               title=\"\"\n               data-src=\"http:\/\/sportjudo.cz\/vt-krkonose-2-2020\/02_VT_Krkonose_2_2020.jpg\"\n               data-thumbnail=\"http:\/\/sportjudo.cz\/vt-krkonose-2-2020\/thumbs\/thumbs_02_VT_Krkonose_2_2020.jpg\"\n               data-image-id=\"116\"\n               data-title=\"02_VT_Krkonose_2_2020\"\n               data-description=\"\"\n               data-image-slug=\"02_vt_krkonose_2_2020\"\n               class='use_imagebrowser_effect' data-imagebrowser-url='http:\/\/sportjudo.cz\/index.php\/nggallery\/image\/%STUB%?p=1263'>\n                <img\n                    title=\"02_VT_Krkonose_2_2020\"\n                    alt=\"02_VT_Krkonose_2_2020\"\n                    src=\"http:\/\/sportjudo.cz\/vt-krkonose-2-2020\/thumbs\/thumbs_02_VT_Krkonose_2_2020.jpg\"\n                    width=\"240\"\n                    height=\"160\"\n                    style=\"max-width:100%;\"\n                \/>\n            <\/a>\n        <\/div>\n\t\t\t\t\t\t\t<\/div> \n\t\t\t\n        \n\t\t\t\t<div id=\"ngg-image-2\" class=\"ngg-gallery-thumbnail-box\" >\n\t\t\t\t        <div class=\"ngg-gallery-thumbnail\">\n            <a href=\"http:\/\/sportjudo.cz\/vt-krkonose-2-2020\/03_VT_Krkonose_2_2020.jpg\"\n               title=\"\"\n               data-src=\"http:\/\/sportjudo.cz\/vt-krkonose-2-2020\/03_VT_Krkonose_2_2020.jpg\"\n               data-thumbnail=\"http:\/\/sportjudo.cz\/vt-krkonose-2-2020\/thumbs\/thumbs_03_VT_Krkonose_2_2020.jpg\"\n               data-image-id=\"117\"\n               data-title=\"03_VT_Krkonose_2_2020\"\n               data-description=\"\"\n               data-image-slug=\"03_vt_krkonose_2_2020\"\n               class='use_imagebrowser_effect' data-imagebrowser-url='http:\/\/sportjudo.cz\/index.php\/nggallery\/image\/%STUB%?p=1263'>\n                <img\n                    title=\"03_VT_Krkonose_2_2020\"\n                    alt=\"03_VT_Krkonose_2_2020\"\n                    src=\"http:\/\/sportjudo.cz\/vt-krkonose-2-2020\/thumbs\/thumbs_03_VT_Krkonose_2_2020.jpg\"\n                    width=\"240\"\n                    height=\"160\"\n                    style=\"max-width:100%;\"\n                \/>\n            <\/a>\n        <\/div>\n\t\t\t\t\t\t\t<\/div> \n\t\t\t\n        \n\t\t\n\t\t<!-- Pagination -->\n\t<div class='ngg-clear'><\/div>\t<\/div>\n\n","protected":false},"excerpt":{"rendered":"<p>15.-19.6.&nbsp; VT Krkono\u0161e &#8211; Horsk\u00fd hotel &#8211; Sporty &#8211; \u010cern\u00e1 hora Tren\u00e9\u0159i : V.\u010cerv\u00edn, D.Lorenc Z\u00e1vodn\u00edci : Luk\u00e1\u0161 R\u00fa\u017ea, Jan Vok\u00e1l, Va\u0161ek Nov\u00e1\u010dek, Daniel Bayer, Patrik Gab\u0161t\u016fr, Jirka Holub a Michal Dole\u017eal T\u016fra z \u010cern\u00e9 hory na Sn\u011b\u017eku a zp\u011bt = 30 km. N\u00e1ro\u010dn\u00fd tr\u00e9nink v t\u011blocvi\u010dn\u011b a hlavn\u011b venku ve vysok\u00e9 nadmo\u0159sk\u00e9 v\u00fd\u0161ce.<\/p>\n","protected":false},"author":3,"featured_media":1258,"comment_status":"closed","ping_status":"open","sticky":false,"template":"","format":"status","meta":{"ngg_post_thumbnail":0},"categories":[7],"tags":[],"_links":{"self":[{"href":"http:\/\/sportjudo.cz\/index.php?rest_route=\/wp\/v2\/posts\/1263"}],"collection":[{"href":"http:\/\/sportjudo.cz\/index.php?rest_route=\/wp\/v2\/posts"}],"about":[{"href":"http:\/\/sportjudo.cz\/index.php?rest_route=\/wp\/v2\/types\/post"}],"author":[{"embeddable":true,"href":"http:\/\/sportjudo.cz\/index.php?rest_route=\/wp\/v2\/users\/3"}],"replies":[{"embeddable":true,"href":"http:\/\/sportjudo.cz\/index.php?rest_route=%2Fwp%2Fv2%2Fcomments&post=1263"}],"version-history":[{"count":1,"href":"http:\/\/sportjudo.cz\/index.php?rest_route=\/wp\/v2\/posts\/1263\/revisions"}],"predecessor-version":[{"id":1264,"href":"http:\/\/sportjudo.cz\/index.php?rest_route=\/wp\/v2\/posts\/1263\/revisions\/1264"}],"wp:featuredmedia":[{"embeddable":true,"href":"http:\/\/sportjudo.cz\/index.php?rest_route=\/wp\/v2\/media\/1258"}],"wp:attachment":[{"href":"http:\/\/sportjudo.cz\/index.php?rest_route=%2Fwp%2Fv2%2Fmedia&parent=1263"}],"wp:term":[{"taxonomy":"category","embeddable":true,"href":"http:\/\/sportjudo.cz\/index.php?rest_route=%2Fwp%2Fv2%2Fcategories&post=1263"},{"taxonomy":"post_tag","embeddable":true,"href":"http:\/\/sportjudo.cz\/index.php?rest_route=%2Fwp%2Fv2%2Ftags&post=1263"}],"curies":[{"name":"wp","href":"https:\/\/api.w.org\/{rel}","templated":true}]}}