{"id":1270,"date":"2020-07-08T15:32:15","date_gmt":"2020-07-08T13:32:15","guid":{"rendered":"http:\/\/sportjudo.cz\/?p=1270"},"modified":"2020-08-09T15:34:34","modified_gmt":"2020-08-09T13:34:34","slug":"vt-teplice","status":"publish","type":"post","link":"http:\/\/sportjudo.cz\/?p=1270","title":{"rendered":"VT Teplice"},"content":{"rendered":"<p>VT Teplice &#8211; P\u0159\u00edprava RD senior\u016f a junior\u016f 25.6. &#8211; 8.7. a v term\u00ednu<br \/>\n27.6. &#8211; 3.7. tak\u00e9 pro \u0161ir\u0161\u00ed RD dorostu.<\/p>\n<p>Od n\u00e1s : tren\u00e9r RD dorostu V.\u010cerv\u00edn + Honza Svoboda, Honza Ma\u0161ek, Michal<br \/>\nDole\u017eal &#8211; junio\u0159i a Va\u0161ek Nov\u00e1\u010dek, Patrik Gab\u0161t\u016fr a Daniel Bayer &#8211; dorost<\/p>\n<!-- index.php -->\n<div\n\tclass=\"ngg-galleryoverview\"\n\tid=\"ngg-gallery-35d1ac2dcb1b4e3ed958b094fde75a9c-1\">\n\n    \t\t<!-- Thumbnails -->\n\t\t\t\t<div id=\"ngg-image-0\" class=\"ngg-gallery-thumbnail-box\" >\n\t\t\t\t        <div class=\"ngg-gallery-thumbnail\">\n            <a href=\"http:\/\/sportjudo.cz\/vt-teplice-2020\/01_VT_Teplice_2020.jpg\"\n               title=\"\"\n               data-src=\"http:\/\/sportjudo.cz\/vt-teplice-2020\/01_VT_Teplice_2020.jpg\"\n               data-thumbnail=\"http:\/\/sportjudo.cz\/vt-teplice-2020\/thumbs\/thumbs_01_VT_Teplice_2020.jpg\"\n               data-image-id=\"118\"\n               data-title=\"01_VT_Teplice_2020\"\n               data-description=\"\"\n               data-image-slug=\"01_vt_teplice_2020\"\n               class='use_imagebrowser_effect' data-imagebrowser-url='http:\/\/sportjudo.cz\/index.php\/nggallery\/image\/%STUB%?p=1270'>\n                <img\n                    title=\"01_VT_Teplice_2020\"\n                    alt=\"01_VT_Teplice_2020\"\n                    src=\"http:\/\/sportjudo.cz\/vt-teplice-2020\/thumbs\/thumbs_01_VT_Teplice_2020.jpg\"\n                    width=\"240\"\n                    height=\"160\"\n                    style=\"max-width:100%;\"\n                \/>\n            <\/a>\n        <\/div>\n\t\t\t\t\t\t\t<\/div> \n\t\t\t\n        \n\t\t\t\t<div id=\"ngg-image-1\" class=\"ngg-gallery-thumbnail-box\" >\n\t\t\t\t        <div class=\"ngg-gallery-thumbnail\">\n            <a href=\"http:\/\/sportjudo.cz\/vt-teplice-2020\/02_VT_Teplice_2020.jpg\"\n               title=\"\"\n               data-src=\"http:\/\/sportjudo.cz\/vt-teplice-2020\/02_VT_Teplice_2020.jpg\"\n               data-thumbnail=\"http:\/\/sportjudo.cz\/vt-teplice-2020\/thumbs\/thumbs_02_VT_Teplice_2020.jpg\"\n               data-image-id=\"119\"\n               data-title=\"02_VT_Teplice_2020\"\n               data-description=\"\"\n               data-image-slug=\"02_vt_teplice_2020\"\n               class='use_imagebrowser_effect' data-imagebrowser-url='http:\/\/sportjudo.cz\/index.php\/nggallery\/image\/%STUB%?p=1270'>\n                <img\n                    title=\"02_VT_Teplice_2020\"\n                    alt=\"02_VT_Teplice_2020\"\n                    src=\"http:\/\/sportjudo.cz\/vt-teplice-2020\/thumbs\/thumbs_02_VT_Teplice_2020.jpg\"\n                    width=\"240\"\n                    height=\"160\"\n                    style=\"max-width:100%;\"\n                \/>\n            <\/a>\n        <\/div>\n\t\t\t\t\t\t\t<\/div> \n\t\t\t\n        \n\t\t\t\t<div id=\"ngg-image-2\" class=\"ngg-gallery-thumbnail-box\" >\n\t\t\t\t        <div class=\"ngg-gallery-thumbnail\">\n            <a href=\"http:\/\/sportjudo.cz\/vt-teplice-2020\/03_VT_Teplice_2020.jpg\"\n               title=\"\"\n               data-src=\"http:\/\/sportjudo.cz\/vt-teplice-2020\/03_VT_Teplice_2020.jpg\"\n               data-thumbnail=\"http:\/\/sportjudo.cz\/vt-teplice-2020\/thumbs\/thumbs_03_VT_Teplice_2020.jpg\"\n               data-image-id=\"120\"\n               data-title=\"03_VT_Teplice_2020\"\n               data-description=\"\"\n               data-image-slug=\"03_vt_teplice_2020\"\n               class='use_imagebrowser_effect' data-imagebrowser-url='http:\/\/sportjudo.cz\/index.php\/nggallery\/image\/%STUB%?p=1270'>\n                <img\n                    title=\"03_VT_Teplice_2020\"\n                    alt=\"03_VT_Teplice_2020\"\n                    src=\"http:\/\/sportjudo.cz\/vt-teplice-2020\/thumbs\/thumbs_03_VT_Teplice_2020.jpg\"\n                    width=\"240\"\n                    height=\"160\"\n                    style=\"max-width:100%;\"\n                \/>\n            <\/a>\n        <\/div>\n\t\t\t\t\t\t\t<\/div> \n\t\t\t\n        \n\t\t\n\t\t<!-- Pagination -->\n\t<div class='ngg-clear'><\/div>\t<\/div>\n\n","protected":false},"excerpt":{"rendered":"<p>VT Teplice &#8211; P\u0159\u00edprava RD senior\u016f a junior\u016f 25.6. &#8211; 8.7. a v term\u00ednu 27.6. &#8211; 3.7. tak\u00e9 pro \u0161ir\u0161\u00ed RD dorostu. Od n\u00e1s : tren\u00e9r RD dorostu V.\u010cerv\u00edn + Honza Svoboda, Honza Ma\u0161ek, Michal Dole\u017eal &#8211; junio\u0159i a Va\u0161ek Nov\u00e1\u010dek, Patrik Gab\u0161t\u016fr a Daniel Bayer &#8211; dorost<\/p>\n","protected":false},"author":3,"featured_media":1265,"comment_status":"closed","ping_status":"open","sticky":false,"template":"","format":"status","meta":{"ngg_post_thumbnail":0},"categories":[7],"tags":[],"_links":{"self":[{"href":"http:\/\/sportjudo.cz\/index.php?rest_route=\/wp\/v2\/posts\/1270"}],"collection":[{"href":"http:\/\/sportjudo.cz\/index.php?rest_route=\/wp\/v2\/posts"}],"about":[{"href":"http:\/\/sportjudo.cz\/index.php?rest_route=\/wp\/v2\/types\/post"}],"author":[{"embeddable":true,"href":"http:\/\/sportjudo.cz\/index.php?rest_route=\/wp\/v2\/users\/3"}],"replies":[{"embeddable":true,"href":"http:\/\/sportjudo.cz\/index.php?rest_route=%2Fwp%2Fv2%2Fcomments&post=1270"}],"version-history":[{"count":1,"href":"http:\/\/sportjudo.cz\/index.php?rest_route=\/wp\/v2\/posts\/1270\/revisions"}],"predecessor-version":[{"id":1271,"href":"http:\/\/sportjudo.cz\/index.php?rest_route=\/wp\/v2\/posts\/1270\/revisions\/1271"}],"wp:featuredmedia":[{"embeddable":true,"href":"http:\/\/sportjudo.cz\/index.php?rest_route=\/wp\/v2\/media\/1265"}],"wp:attachment":[{"href":"http:\/\/sportjudo.cz\/index.php?rest_route=%2Fwp%2Fv2%2Fmedia&parent=1270"}],"wp:term":[{"taxonomy":"category","embeddable":true,"href":"http:\/\/sportjudo.cz\/index.php?rest_route=%2Fwp%2Fv2%2Fcategories&post=1270"},{"taxonomy":"post_tag","embeddable":true,"href":"http:\/\/sportjudo.cz\/index.php?rest_route=%2Fwp%2Fv2%2Ftags&post=1270"}],"curies":[{"name":"wp","href":"https:\/\/api.w.org\/{rel}","templated":true}]}}