{"id":1290,"date":"2020-07-24T15:46:41","date_gmt":"2020-07-24T13:46:41","guid":{"rendered":"http:\/\/sportjudo.cz\/?p=1290"},"modified":"2020-08-09T15:48:43","modified_gmt":"2020-08-09T13:48:43","slug":"vt-jeseniky","status":"publish","type":"post","link":"http:\/\/sportjudo.cz\/?p=1290","title":{"rendered":"VT Jesen\u00edky"},"content":{"rendered":"<p>20.-24.7. VT Jesen\u00edky &#8211;&nbsp;Sporthotel Kurzovn\u00ed<\/p>\n<p>P\u0159\u00edprava v pro n\u00e1s nezn\u00e1m\u00e9m prost\u0159ed\u00ed v nadmo\u0159sk\u00e9 v\u00fd\u0161ce kolem 1300 m.<\/p>\n<p>V\u00fdb\u011bhy na Prad\u011bd, kruhov\u00e9 tr\u00e9ninky nebo t\u016fra \u00fadol\u00edm B\u00edl\u00e9 Opavy.<\/p>\n<p>V.\u010cerv\u00edn, D.Lorenc + V.Nov\u00e1\u010dek, P.Gab\u0161t\u016fr, L.R\u016f\u017ea, Adam a Daniel<br \/>\nBayerovi, J.Holub<\/p>\n<!-- index.php -->\n<div\n\tclass=\"ngg-galleryoverview\"\n\tid=\"ngg-gallery-d97e28db497162c2066152e66ce786d4-1\">\n\n    \t\t<!-- Thumbnails -->\n\t\t\t\t<div id=\"ngg-image-0\" class=\"ngg-gallery-thumbnail-box\" >\n\t\t\t\t        <div class=\"ngg-gallery-thumbnail\">\n            <a href=\"http:\/\/sportjudo.cz\/vt-jeseniky-2020\/01_VT_Jeseniky_2020.jpg\"\n               title=\"\"\n               data-src=\"http:\/\/sportjudo.cz\/vt-jeseniky-2020\/01_VT_Jeseniky_2020.jpg\"\n               data-thumbnail=\"http:\/\/sportjudo.cz\/vt-jeseniky-2020\/thumbs\/thumbs_01_VT_Jeseniky_2020.jpg\"\n               data-image-id=\"124\"\n               data-title=\"01_VT_Jeseniky_2020\"\n               data-description=\"\"\n               data-image-slug=\"01_vt_jeseniky_2020\"\n               class='use_imagebrowser_effect' data-imagebrowser-url='http:\/\/sportjudo.cz\/index.php\/nggallery\/image\/%STUB%?p=1290'>\n                <img\n                    title=\"01_VT_Jeseniky_2020\"\n                    alt=\"01_VT_Jeseniky_2020\"\n                    src=\"http:\/\/sportjudo.cz\/vt-jeseniky-2020\/thumbs\/thumbs_01_VT_Jeseniky_2020.jpg\"\n                    width=\"240\"\n                    height=\"160\"\n                    style=\"max-width:100%;\"\n                \/>\n            <\/a>\n        <\/div>\n\t\t\t\t\t\t\t<\/div> \n\t\t\t\n        \n\t\t\t\t<div id=\"ngg-image-1\" class=\"ngg-gallery-thumbnail-box\" >\n\t\t\t\t        <div class=\"ngg-gallery-thumbnail\">\n            <a href=\"http:\/\/sportjudo.cz\/vt-jeseniky-2020\/02_VT_Jeseniky_2020.jpg\"\n               title=\"\"\n               data-src=\"http:\/\/sportjudo.cz\/vt-jeseniky-2020\/02_VT_Jeseniky_2020.jpg\"\n               data-thumbnail=\"http:\/\/sportjudo.cz\/vt-jeseniky-2020\/thumbs\/thumbs_02_VT_Jeseniky_2020.jpg\"\n               data-image-id=\"125\"\n               data-title=\"02_VT_Jeseniky_2020\"\n               data-description=\"\"\n               data-image-slug=\"02_vt_jeseniky_2020\"\n               class='use_imagebrowser_effect' data-imagebrowser-url='http:\/\/sportjudo.cz\/index.php\/nggallery\/image\/%STUB%?p=1290'>\n                <img\n                    title=\"02_VT_Jeseniky_2020\"\n                    alt=\"02_VT_Jeseniky_2020\"\n                    src=\"http:\/\/sportjudo.cz\/vt-jeseniky-2020\/thumbs\/thumbs_02_VT_Jeseniky_2020.jpg\"\n                    width=\"240\"\n                    height=\"160\"\n                    style=\"max-width:100%;\"\n                \/>\n            <\/a>\n        <\/div>\n\t\t\t\t\t\t\t<\/div> \n\t\t\t\n        \n\t\t\t\t<div id=\"ngg-image-2\" class=\"ngg-gallery-thumbnail-box\" >\n\t\t\t\t        <div class=\"ngg-gallery-thumbnail\">\n            <a href=\"http:\/\/sportjudo.cz\/vt-jeseniky-2020\/03_VT_Jeseniky_2020.jpg\"\n               title=\"\"\n               data-src=\"http:\/\/sportjudo.cz\/vt-jeseniky-2020\/03_VT_Jeseniky_2020.jpg\"\n               data-thumbnail=\"http:\/\/sportjudo.cz\/vt-jeseniky-2020\/thumbs\/thumbs_03_VT_Jeseniky_2020.jpg\"\n               data-image-id=\"126\"\n               data-title=\"03_VT_Jeseniky_2020\"\n               data-description=\"\"\n               data-image-slug=\"03_vt_jeseniky_2020\"\n               class='use_imagebrowser_effect' data-imagebrowser-url='http:\/\/sportjudo.cz\/index.php\/nggallery\/image\/%STUB%?p=1290'>\n                <img\n                    title=\"03_VT_Jeseniky_2020\"\n                    alt=\"03_VT_Jeseniky_2020\"\n                    src=\"http:\/\/sportjudo.cz\/vt-jeseniky-2020\/thumbs\/thumbs_03_VT_Jeseniky_2020.jpg\"\n                    width=\"240\"\n                    height=\"160\"\n                    style=\"max-width:100%;\"\n                \/>\n            <\/a>\n        <\/div>\n\t\t\t\t\t\t\t<\/div> \n\t\t\t\n        \n\t\t\t\t<div id=\"ngg-image-3\" class=\"ngg-gallery-thumbnail-box\" >\n\t\t\t\t        <div class=\"ngg-gallery-thumbnail\">\n            <a href=\"http:\/\/sportjudo.cz\/vt-jeseniky-2020\/04_VT_Jeseniky_2020.jpg\"\n               title=\"\"\n               data-src=\"http:\/\/sportjudo.cz\/vt-jeseniky-2020\/04_VT_Jeseniky_2020.jpg\"\n               data-thumbnail=\"http:\/\/sportjudo.cz\/vt-jeseniky-2020\/thumbs\/thumbs_04_VT_Jeseniky_2020.jpg\"\n               data-image-id=\"127\"\n               data-title=\"04_VT_Jeseniky_2020\"\n               data-description=\"\"\n               data-image-slug=\"04_vt_jeseniky_2020\"\n               class='use_imagebrowser_effect' data-imagebrowser-url='http:\/\/sportjudo.cz\/index.php\/nggallery\/image\/%STUB%?p=1290'>\n                <img\n                    title=\"04_VT_Jeseniky_2020\"\n                    alt=\"04_VT_Jeseniky_2020\"\n                    src=\"http:\/\/sportjudo.cz\/vt-jeseniky-2020\/thumbs\/thumbs_04_VT_Jeseniky_2020.jpg\"\n                    width=\"240\"\n                    height=\"160\"\n                    style=\"max-width:100%;\"\n                \/>\n            <\/a>\n        <\/div>\n\t\t\t\t\t\t\t<\/div> \n\t\t\t\n        \n\t\t\t\t<div id=\"ngg-image-4\" class=\"ngg-gallery-thumbnail-box\" >\n\t\t\t\t        <div class=\"ngg-gallery-thumbnail\">\n            <a href=\"http:\/\/sportjudo.cz\/vt-jeseniky-2020\/05_VT_Jeseniky_2020.jpg\"\n               title=\"\"\n               data-src=\"http:\/\/sportjudo.cz\/vt-jeseniky-2020\/05_VT_Jeseniky_2020.jpg\"\n               data-thumbnail=\"http:\/\/sportjudo.cz\/vt-jeseniky-2020\/thumbs\/thumbs_05_VT_Jeseniky_2020.jpg\"\n               data-image-id=\"128\"\n               data-title=\"05_VT_Jeseniky_2020\"\n               data-description=\"\"\n               data-image-slug=\"05_vt_jeseniky_2020\"\n               class='use_imagebrowser_effect' data-imagebrowser-url='http:\/\/sportjudo.cz\/index.php\/nggallery\/image\/%STUB%?p=1290'>\n                <img\n                    title=\"05_VT_Jeseniky_2020\"\n                    alt=\"05_VT_Jeseniky_2020\"\n                    src=\"http:\/\/sportjudo.cz\/vt-jeseniky-2020\/thumbs\/thumbs_05_VT_Jeseniky_2020.jpg\"\n                    width=\"240\"\n                    height=\"160\"\n                    style=\"max-width:100%;\"\n                \/>\n            <\/a>\n        <\/div>\n\t\t\t\t\t\t\t<\/div> \n\t\t\t\n        \n\t\t\t\t<div id=\"ngg-image-5\" class=\"ngg-gallery-thumbnail-box\" >\n\t\t\t\t        <div class=\"ngg-gallery-thumbnail\">\n            <a href=\"http:\/\/sportjudo.cz\/vt-jeseniky-2020\/06_VT_Jeseniky_2020.jpg\"\n               title=\"\"\n               data-src=\"http:\/\/sportjudo.cz\/vt-jeseniky-2020\/06_VT_Jeseniky_2020.jpg\"\n               data-thumbnail=\"http:\/\/sportjudo.cz\/vt-jeseniky-2020\/thumbs\/thumbs_06_VT_Jeseniky_2020.jpg\"\n               data-image-id=\"129\"\n               data-title=\"06_VT_Jeseniky_2020\"\n               data-description=\"\"\n               data-image-slug=\"06_vt_jeseniky_2020\"\n               class='use_imagebrowser_effect' data-imagebrowser-url='http:\/\/sportjudo.cz\/index.php\/nggallery\/image\/%STUB%?p=1290'>\n                <img\n                    title=\"06_VT_Jeseniky_2020\"\n                    alt=\"06_VT_Jeseniky_2020\"\n                    src=\"http:\/\/sportjudo.cz\/vt-jeseniky-2020\/thumbs\/thumbs_06_VT_Jeseniky_2020.jpg\"\n                    width=\"240\"\n                    height=\"160\"\n                    style=\"max-width:100%;\"\n                \/>\n            <\/a>\n        <\/div>\n\t\t\t\t\t\t\t<\/div> \n\t\t\t\n        \n\t\t\t\t<div id=\"ngg-image-6\" class=\"ngg-gallery-thumbnail-box\" >\n\t\t\t\t        <div class=\"ngg-gallery-thumbnail\">\n            <a href=\"http:\/\/sportjudo.cz\/vt-jeseniky-2020\/07_VT_Jeseniky_2020.jpg\"\n               title=\"\"\n               data-src=\"http:\/\/sportjudo.cz\/vt-jeseniky-2020\/07_VT_Jeseniky_2020.jpg\"\n               data-thumbnail=\"http:\/\/sportjudo.cz\/vt-jeseniky-2020\/thumbs\/thumbs_07_VT_Jeseniky_2020.jpg\"\n               data-image-id=\"130\"\n               data-title=\"07_VT_Jeseniky_2020\"\n               data-description=\"\"\n               data-image-slug=\"07_vt_jeseniky_2020\"\n               class='use_imagebrowser_effect' data-imagebrowser-url='http:\/\/sportjudo.cz\/index.php\/nggallery\/image\/%STUB%?p=1290'>\n                <img\n                    title=\"07_VT_Jeseniky_2020\"\n                    alt=\"07_VT_Jeseniky_2020\"\n                    src=\"http:\/\/sportjudo.cz\/vt-jeseniky-2020\/thumbs\/thumbs_07_VT_Jeseniky_2020.jpg\"\n                    width=\"240\"\n                    height=\"160\"\n                    style=\"max-width:100%;\"\n                \/>\n            <\/a>\n        <\/div>\n\t\t\t\t\t\t\t<\/div> \n\t\t\t\n        \n\t\t\t\t<div id=\"ngg-image-7\" class=\"ngg-gallery-thumbnail-box\" >\n\t\t\t\t        <div class=\"ngg-gallery-thumbnail\">\n            <a href=\"http:\/\/sportjudo.cz\/vt-jeseniky-2020\/08_VT_Jeseniky_2020.jpg\"\n               title=\"\"\n               data-src=\"http:\/\/sportjudo.cz\/vt-jeseniky-2020\/08_VT_Jeseniky_2020.jpg\"\n               data-thumbnail=\"http:\/\/sportjudo.cz\/vt-jeseniky-2020\/thumbs\/thumbs_08_VT_Jeseniky_2020.jpg\"\n               data-image-id=\"131\"\n               data-title=\"08_VT_Jeseniky_2020\"\n               data-description=\"\"\n               data-image-slug=\"08_vt_jeseniky_2020\"\n               class='use_imagebrowser_effect' data-imagebrowser-url='http:\/\/sportjudo.cz\/index.php\/nggallery\/image\/%STUB%?p=1290'>\n                <img\n                    title=\"08_VT_Jeseniky_2020\"\n                    alt=\"08_VT_Jeseniky_2020\"\n                    src=\"http:\/\/sportjudo.cz\/vt-jeseniky-2020\/thumbs\/thumbs_08_VT_Jeseniky_2020.jpg\"\n                    width=\"240\"\n                    height=\"160\"\n                    style=\"max-width:100%;\"\n                \/>\n            <\/a>\n        <\/div>\n\t\t\t\t\t\t\t<\/div> \n\t\t\t\n        \n\t\t\n\t\t<!-- Pagination -->\n\t<div class='ngg-clear'><\/div>\t<\/div>\n\n","protected":false},"excerpt":{"rendered":"<p>20.-24.7. VT Jesen\u00edky &#8211;&nbsp;Sporthotel Kurzovn\u00ed P\u0159\u00edprava v pro n\u00e1s nezn\u00e1m\u00e9m prost\u0159ed\u00ed v nadmo\u0159sk\u00e9 v\u00fd\u0161ce kolem 1300 m. V\u00fdb\u011bhy na Prad\u011bd, kruhov\u00e9 tr\u00e9ninky nebo t\u016fra \u00fadol\u00edm B\u00edl\u00e9 Opavy. V.\u010cerv\u00edn, D.Lorenc + V.Nov\u00e1\u010dek, P.Gab\u0161t\u016fr, L.R\u016f\u017ea, Adam a Daniel Bayerovi, J.Holub<\/p>\n","protected":false},"author":3,"featured_media":1280,"comment_status":"closed","ping_status":"open","sticky":false,"template":"","format":"status","meta":{"ngg_post_thumbnail":0},"categories":[7],"tags":[],"_links":{"self":[{"href":"http:\/\/sportjudo.cz\/index.php?rest_route=\/wp\/v2\/posts\/1290"}],"collection":[{"href":"http:\/\/sportjudo.cz\/index.php?rest_route=\/wp\/v2\/posts"}],"about":[{"href":"http:\/\/sportjudo.cz\/index.php?rest_route=\/wp\/v2\/types\/post"}],"author":[{"embeddable":true,"href":"http:\/\/sportjudo.cz\/index.php?rest_route=\/wp\/v2\/users\/3"}],"replies":[{"embeddable":true,"href":"http:\/\/sportjudo.cz\/index.php?rest_route=%2Fwp%2Fv2%2Fcomments&post=1290"}],"version-history":[{"count":1,"href":"http:\/\/sportjudo.cz\/index.php?rest_route=\/wp\/v2\/posts\/1290\/revisions"}],"predecessor-version":[{"id":1291,"href":"http:\/\/sportjudo.cz\/index.php?rest_route=\/wp\/v2\/posts\/1290\/revisions\/1291"}],"wp:featuredmedia":[{"embeddable":true,"href":"http:\/\/sportjudo.cz\/index.php?rest_route=\/wp\/v2\/media\/1280"}],"wp:attachment":[{"href":"http:\/\/sportjudo.cz\/index.php?rest_route=%2Fwp%2Fv2%2Fmedia&parent=1290"}],"wp:term":[{"taxonomy":"category","embeddable":true,"href":"http:\/\/sportjudo.cz\/index.php?rest_route=%2Fwp%2Fv2%2Fcategories&post=1290"},{"taxonomy":"post_tag","embeddable":true,"href":"http:\/\/sportjudo.cz\/index.php?rest_route=%2Fwp%2Fv2%2Ftags&post=1290"}],"curies":[{"name":"wp","href":"https:\/\/api.w.org\/{rel}","templated":true}]}}