{"id":1305,"date":"2020-08-07T16:06:13","date_gmt":"2020-08-07T14:06:13","guid":{"rendered":"http:\/\/sportjudo.cz\/?p=1305"},"modified":"2020-08-09T16:07:22","modified_gmt":"2020-08-09T14:07:22","slug":"vt-terezin-1","status":"publish","type":"post","link":"http:\/\/sportjudo.cz\/?p=1305","title":{"rendered":"VT Terez\u00edn 1"},"content":{"rendered":"<p>VT Terez\u00edn 1. &#8211; 7.8.<\/p>\n<p>Soust\u0159ed\u011bn\u00ed pro \u017eactvo, dorost a juniory.<\/p>\n<p>P\u0159\u00edprava na novou sez\u00f3nu &#8211; judo, posilov\u00e1n\u00ed, b\u011bh, hry, plav\u00e1n\u00ed&#8230;<\/p>\n<!-- index.php -->\n<div\n\tclass=\"ngg-galleryoverview\"\n\tid=\"ngg-gallery-df8a5d60bb9b973f44bf690756669a43-1\">\n\n    \t\t<!-- Thumbnails -->\n\t\t\t\t<div id=\"ngg-image-0\" class=\"ngg-gallery-thumbnail-box\" >\n\t\t\t\t        <div class=\"ngg-gallery-thumbnail\">\n            <a href=\"http:\/\/sportjudo.cz\/vt-terezin-1-2020\/01_VT_Terezin_1_2020.jpg\"\n               title=\"\"\n               data-src=\"http:\/\/sportjudo.cz\/vt-terezin-1-2020\/01_VT_Terezin_1_2020.jpg\"\n               data-thumbnail=\"http:\/\/sportjudo.cz\/vt-terezin-1-2020\/thumbs\/thumbs_01_VT_Terezin_1_2020.jpg\"\n               data-image-id=\"133\"\n               data-title=\"01_VT_Terezin_1_2020\"\n               data-description=\"\"\n               data-image-slug=\"01_vt_terezin_1_2020\"\n               class='use_imagebrowser_effect' data-imagebrowser-url='http:\/\/sportjudo.cz\/index.php\/nggallery\/image\/%STUB%?p=1305'>\n                <img\n                    title=\"01_VT_Terezin_1_2020\"\n                    alt=\"01_VT_Terezin_1_2020\"\n                    src=\"http:\/\/sportjudo.cz\/vt-terezin-1-2020\/thumbs\/thumbs_01_VT_Terezin_1_2020.jpg\"\n                    width=\"240\"\n                    height=\"160\"\n                    style=\"max-width:100%;\"\n                \/>\n            <\/a>\n        <\/div>\n\t\t\t\t\t\t\t<\/div> \n\t\t\t\n        \n\t\t\t\t<div id=\"ngg-image-1\" class=\"ngg-gallery-thumbnail-box\" >\n\t\t\t\t        <div class=\"ngg-gallery-thumbnail\">\n            <a href=\"http:\/\/sportjudo.cz\/vt-terezin-1-2020\/02_VT_Terezin_1_2020.jpg\"\n               title=\"\"\n               data-src=\"http:\/\/sportjudo.cz\/vt-terezin-1-2020\/02_VT_Terezin_1_2020.jpg\"\n               data-thumbnail=\"http:\/\/sportjudo.cz\/vt-terezin-1-2020\/thumbs\/thumbs_02_VT_Terezin_1_2020.jpg\"\n               data-image-id=\"134\"\n               data-title=\"02_VT_Terezin_1_2020\"\n               data-description=\"\"\n               data-image-slug=\"02_vt_terezin_1_2020\"\n               class='use_imagebrowser_effect' data-imagebrowser-url='http:\/\/sportjudo.cz\/index.php\/nggallery\/image\/%STUB%?p=1305'>\n                <img\n                    title=\"02_VT_Terezin_1_2020\"\n                    alt=\"02_VT_Terezin_1_2020\"\n                    src=\"http:\/\/sportjudo.cz\/vt-terezin-1-2020\/thumbs\/thumbs_02_VT_Terezin_1_2020.jpg\"\n                    width=\"240\"\n                    height=\"160\"\n                    style=\"max-width:100%;\"\n                \/>\n            <\/a>\n        <\/div>\n\t\t\t\t\t\t\t<\/div> \n\t\t\t\n        \n\t\t\t\t<div id=\"ngg-image-2\" class=\"ngg-gallery-thumbnail-box\" >\n\t\t\t\t        <div class=\"ngg-gallery-thumbnail\">\n            <a href=\"http:\/\/sportjudo.cz\/vt-terezin-1-2020\/03_VT_Terezin_1_2020.jpg\"\n               title=\"\"\n               data-src=\"http:\/\/sportjudo.cz\/vt-terezin-1-2020\/03_VT_Terezin_1_2020.jpg\"\n               data-thumbnail=\"http:\/\/sportjudo.cz\/vt-terezin-1-2020\/thumbs\/thumbs_03_VT_Terezin_1_2020.jpg\"\n               data-image-id=\"135\"\n               data-title=\"03_VT_Terezin_1_2020\"\n               data-description=\"\"\n               data-image-slug=\"03_vt_terezin_1_2020\"\n               class='use_imagebrowser_effect' data-imagebrowser-url='http:\/\/sportjudo.cz\/index.php\/nggallery\/image\/%STUB%?p=1305'>\n                <img\n                    title=\"03_VT_Terezin_1_2020\"\n                    alt=\"03_VT_Terezin_1_2020\"\n                    src=\"http:\/\/sportjudo.cz\/vt-terezin-1-2020\/thumbs\/thumbs_03_VT_Terezin_1_2020.jpg\"\n                    width=\"240\"\n                    height=\"160\"\n                    style=\"max-width:100%;\"\n                \/>\n            <\/a>\n        <\/div>\n\t\t\t\t\t\t\t<\/div> \n\t\t\t\n        \n\t\t\n\t\t<!-- Pagination -->\n\t<div class='ngg-clear'><\/div>\t<\/div>\n\n","protected":false},"excerpt":{"rendered":"<p>VT Terez\u00edn 1. &#8211; 7.8. Soust\u0159ed\u011bn\u00ed pro \u017eactvo, dorost a juniory. P\u0159\u00edprava na novou sez\u00f3nu &#8211; judo, posilov\u00e1n\u00ed, b\u011bh, hry, plav\u00e1n\u00ed&#8230;<\/p>\n","protected":false},"author":3,"featured_media":1300,"comment_status":"closed","ping_status":"open","sticky":false,"template":"","format":"status","meta":{"ngg_post_thumbnail":0},"categories":[7],"tags":[],"_links":{"self":[{"href":"http:\/\/sportjudo.cz\/index.php?rest_route=\/wp\/v2\/posts\/1305"}],"collection":[{"href":"http:\/\/sportjudo.cz\/index.php?rest_route=\/wp\/v2\/posts"}],"about":[{"href":"http:\/\/sportjudo.cz\/index.php?rest_route=\/wp\/v2\/types\/post"}],"author":[{"embeddable":true,"href":"http:\/\/sportjudo.cz\/index.php?rest_route=\/wp\/v2\/users\/3"}],"replies":[{"embeddable":true,"href":"http:\/\/sportjudo.cz\/index.php?rest_route=%2Fwp%2Fv2%2Fcomments&post=1305"}],"version-history":[{"count":1,"href":"http:\/\/sportjudo.cz\/index.php?rest_route=\/wp\/v2\/posts\/1305\/revisions"}],"predecessor-version":[{"id":1306,"href":"http:\/\/sportjudo.cz\/index.php?rest_route=\/wp\/v2\/posts\/1305\/revisions\/1306"}],"wp:featuredmedia":[{"embeddable":true,"href":"http:\/\/sportjudo.cz\/index.php?rest_route=\/wp\/v2\/media\/1300"}],"wp:attachment":[{"href":"http:\/\/sportjudo.cz\/index.php?rest_route=%2Fwp%2Fv2%2Fmedia&parent=1305"}],"wp:term":[{"taxonomy":"category","embeddable":true,"href":"http:\/\/sportjudo.cz\/index.php?rest_route=%2Fwp%2Fv2%2Fcategories&post=1305"},{"taxonomy":"post_tag","embeddable":true,"href":"http:\/\/sportjudo.cz\/index.php?rest_route=%2Fwp%2Fv2%2Ftags&post=1305"}],"curies":[{"name":"wp","href":"https:\/\/api.w.org\/{rel}","templated":true}]}}