{"id":1316,"date":"2020-08-10T07:54:39","date_gmt":"2020-08-10T05:54:39","guid":{"rendered":"http:\/\/sportjudo.cz\/?p=1316"},"modified":"2020-08-10T07:54:39","modified_gmt":"2020-08-10T05:54:39","slug":"hranicky-ligovy-pohar","status":"publish","type":"post","link":"http:\/\/sportjudo.cz\/?p=1316","title":{"rendered":"Hranick\u00fd ligov\u00fd poh\u00e1r"},"content":{"rendered":"<p>Mezin\u00e1rodn\u00ed turnaj &#8211; ligov\u00fd poh\u00e1r pro dorost, juniory a mu\u017ee &#8211; 9.8.<br \/>\nHranice na Morav\u011b<\/p>\n<p>mu\u017ei + junio\u0159i<\/p>\n<p>60 kg&nbsp; 4.m\u00edsto&nbsp; Ji\u0159\u00ed Holub&nbsp;&nbsp;&nbsp; 1\/3<\/p>\n<p>81 kg&nbsp; 3.m\u00edsto&nbsp; Jan Svoboda&nbsp; 4\/1 (skon\u010dil za z\u00e1vodn\u00edkem Slovenska a<br \/>\nUzbekist\u00e1nu, byl nejlep\u0161\u00edm borcem z \u010cR, kdy\u017e porazil i \u010deskou jedni\u010dku v<br \/>\nt\u00e9to v\u00e1ze &#8211; Jarom\u00edra Musila z Vr\u0161ovic, v semifin\u00e1le prohr\u00e1l z pozd\u011bj\u0161\u00edm<br \/>\nv\u00edt\u011bzem v\u00e1hy &#8211; Bartem SVK &#8211; a\u017e po prodlou\u017een\u00ed)<\/p>\n<p>dorost<\/p>\n<p>60 kg&nbsp; 7.m\u00edsto Patrik Gab\u0161t\u016fr&nbsp; 3\/2<\/p>\n<p>66 kg&nbsp; 5.m\u00edsto V\u00e1clav Nov\u00e1\u010dek&nbsp; 2\/2<\/p>\n<p>66 kg&nbsp; bez um. Jan Vok\u00e1l&nbsp; 0\/1<\/p>\n<!-- index.php -->\n<div\n\tclass=\"ngg-galleryoverview\"\n\tid=\"ngg-gallery-423a2450a886f07deab211a5c6da2dca-1\">\n\n    \t\t<!-- Thumbnails -->\n\t\t\t\t<div id=\"ngg-image-0\" class=\"ngg-gallery-thumbnail-box\" >\n\t\t\t\t        <div class=\"ngg-gallery-thumbnail\">\n            <a href=\"http:\/\/sportjudo.cz\/hranicky-ligovy-pohar\/01_Hranice_2020.jpg\"\n               title=\"\"\n               data-src=\"http:\/\/sportjudo.cz\/hranicky-ligovy-pohar\/01_Hranice_2020.jpg\"\n               data-thumbnail=\"http:\/\/sportjudo.cz\/hranicky-ligovy-pohar\/thumbs\/thumbs_01_Hranice_2020.jpg\"\n               data-image-id=\"136\"\n               data-title=\"01_Hranice_2020\"\n               data-description=\"\"\n               data-image-slug=\"01_hranice_2020\"\n               class='use_imagebrowser_effect' data-imagebrowser-url='http:\/\/sportjudo.cz\/index.php\/nggallery\/image\/%STUB%?p=1316'>\n                <img\n                    title=\"01_Hranice_2020\"\n                    alt=\"01_Hranice_2020\"\n                    src=\"http:\/\/sportjudo.cz\/hranicky-ligovy-pohar\/thumbs\/thumbs_01_Hranice_2020.jpg\"\n                    width=\"240\"\n                    height=\"160\"\n                    style=\"max-width:100%;\"\n                \/>\n            <\/a>\n        <\/div>\n\t\t\t\t\t\t\t<\/div> \n\t\t\t\n        \n\t\t\t\t<div id=\"ngg-image-1\" class=\"ngg-gallery-thumbnail-box\" >\n\t\t\t\t        <div class=\"ngg-gallery-thumbnail\">\n            <a href=\"http:\/\/sportjudo.cz\/hranicky-ligovy-pohar\/02_Hranice_2020.jpg\"\n               title=\"\"\n               data-src=\"http:\/\/sportjudo.cz\/hranicky-ligovy-pohar\/02_Hranice_2020.jpg\"\n               data-thumbnail=\"http:\/\/sportjudo.cz\/hranicky-ligovy-pohar\/thumbs\/thumbs_02_Hranice_2020.jpg\"\n               data-image-id=\"137\"\n               data-title=\"02_Hranice_2020\"\n               data-description=\"\"\n               data-image-slug=\"02_hranice_2020\"\n               class='use_imagebrowser_effect' data-imagebrowser-url='http:\/\/sportjudo.cz\/index.php\/nggallery\/image\/%STUB%?p=1316'>\n                <img\n                    title=\"02_Hranice_2020\"\n                    alt=\"02_Hranice_2020\"\n                    src=\"http:\/\/sportjudo.cz\/hranicky-ligovy-pohar\/thumbs\/thumbs_02_Hranice_2020.jpg\"\n                    width=\"240\"\n                    height=\"160\"\n                    style=\"max-width:100%;\"\n                \/>\n            <\/a>\n        <\/div>\n\t\t\t\t\t\t\t<\/div> \n\t\t\t\n        \n\t\t\t\t<div id=\"ngg-image-2\" class=\"ngg-gallery-thumbnail-box\" >\n\t\t\t\t        <div class=\"ngg-gallery-thumbnail\">\n            <a href=\"http:\/\/sportjudo.cz\/hranicky-ligovy-pohar\/03_Hranice_2020.jpg\"\n               title=\"\"\n               data-src=\"http:\/\/sportjudo.cz\/hranicky-ligovy-pohar\/03_Hranice_2020.jpg\"\n               data-thumbnail=\"http:\/\/sportjudo.cz\/hranicky-ligovy-pohar\/thumbs\/thumbs_03_Hranice_2020.jpg\"\n               data-image-id=\"138\"\n               data-title=\"03_Hranice_2020\"\n               data-description=\"\"\n               data-image-slug=\"03_hranice_2020\"\n               class='use_imagebrowser_effect' data-imagebrowser-url='http:\/\/sportjudo.cz\/index.php\/nggallery\/image\/%STUB%?p=1316'>\n                <img\n                    title=\"03_Hranice_2020\"\n                    alt=\"03_Hranice_2020\"\n                    src=\"http:\/\/sportjudo.cz\/hranicky-ligovy-pohar\/thumbs\/thumbs_03_Hranice_2020.jpg\"\n                    width=\"240\"\n                    height=\"160\"\n                    style=\"max-width:100%;\"\n                \/>\n            <\/a>\n        <\/div>\n\t\t\t\t\t\t\t<\/div> \n\t\t\t\n        \n\t\t\n\t\t<!-- Pagination -->\n\t<div class='ngg-clear'><\/div>\t<\/div>\n\n","protected":false},"excerpt":{"rendered":"<p>Mezin\u00e1rodn\u00ed turnaj &#8211; ligov\u00fd poh\u00e1r pro dorost, juniory a mu\u017ee &#8211; 9.8. Hranice na Morav\u011b mu\u017ei + junio\u0159i 60 kg&nbsp; 4.m\u00edsto&nbsp; Ji\u0159\u00ed Holub&nbsp;&nbsp;&nbsp; 1\/3 81 kg&nbsp; 3.m\u00edsto&nbsp; Jan Svoboda&nbsp; 4\/1 (skon\u010dil za z\u00e1vodn\u00edkem Slovenska a Uzbekist\u00e1nu, byl nejlep\u0161\u00edm borcem z \u010cR, kdy\u017e porazil i \u010deskou jedni\u010dku v t\u00e9to v\u00e1ze &#8211; Jarom\u00edra Musila z Vr\u0161ovic, v&hellip;<\/p>\n","protected":false},"author":3,"featured_media":1315,"comment_status":"closed","ping_status":"open","sticky":false,"template":"","format":"status","meta":{"ngg_post_thumbnail":0},"categories":[8,12,13,14],"tags":[],"_links":{"self":[{"href":"http:\/\/sportjudo.cz\/index.php?rest_route=\/wp\/v2\/posts\/1316"}],"collection":[{"href":"http:\/\/sportjudo.cz\/index.php?rest_route=\/wp\/v2\/posts"}],"about":[{"href":"http:\/\/sportjudo.cz\/index.php?rest_route=\/wp\/v2\/types\/post"}],"author":[{"embeddable":true,"href":"http:\/\/sportjudo.cz\/index.php?rest_route=\/wp\/v2\/users\/3"}],"replies":[{"embeddable":true,"href":"http:\/\/sportjudo.cz\/index.php?rest_route=%2Fwp%2Fv2%2Fcomments&post=1316"}],"version-history":[{"count":1,"href":"http:\/\/sportjudo.cz\/index.php?rest_route=\/wp\/v2\/posts\/1316\/revisions"}],"predecessor-version":[{"id":1317,"href":"http:\/\/sportjudo.cz\/index.php?rest_route=\/wp\/v2\/posts\/1316\/revisions\/1317"}],"wp:featuredmedia":[{"embeddable":true,"href":"http:\/\/sportjudo.cz\/index.php?rest_route=\/wp\/v2\/media\/1315"}],"wp:attachment":[{"href":"http:\/\/sportjudo.cz\/index.php?rest_route=%2Fwp%2Fv2%2Fmedia&parent=1316"}],"wp:term":[{"taxonomy":"category","embeddable":true,"href":"http:\/\/sportjudo.cz\/index.php?rest_route=%2Fwp%2Fv2%2Fcategories&post=1316"},{"taxonomy":"post_tag","embeddable":true,"href":"http:\/\/sportjudo.cz\/index.php?rest_route=%2Fwp%2Fv2%2Ftags&post=1316"}],"curies":[{"name":"wp","href":"https:\/\/api.w.org\/{rel}","templated":true}]}}