{"id":1335,"date":"2020-08-20T10:50:53","date_gmt":"2020-08-20T08:50:53","guid":{"rendered":"http:\/\/sportjudo.cz\/?p=1335"},"modified":"2020-08-20T10:50:53","modified_gmt":"2020-08-20T08:50:53","slug":"vt-polsko-wladyslawowo","status":"publish","type":"post","link":"http:\/\/sportjudo.cz\/?p=1335","title":{"rendered":"VT Polsko &#8211; Wladyslawowo"},"content":{"rendered":"<p>17.-21.8. VT Polsko &#8211; Wladyslawowo<\/p>\n<p>Skupinka na\u0161ich dorostenc\u016f se na konci pr\u00e1zdnin p\u0159ipravuje spole\u010dn\u011b s<br \/>\npolsk\u00fdmi judisty na novou sez\u00f3nu v p\u0159\u00edmo\u0159sk\u00e9m sportovn\u00edm centru v<br \/>\nCetniewu &#8211; Wladyslawowu.<\/p>\n<!-- index.php -->\n<div\n\tclass=\"ngg-galleryoverview\"\n\tid=\"ngg-gallery-2e9cfe2f87566c82dffb0749565178f6-1\">\n\n    \t\t<!-- Thumbnails -->\n\t\t\t\t<div id=\"ngg-image-0\" class=\"ngg-gallery-thumbnail-box\" >\n\t\t\t\t        <div class=\"ngg-gallery-thumbnail\">\n            <a href=\"http:\/\/sportjudo.cz\/vt-polsko-2020\/01_VT_Polsko_2020.jpg\"\n               title=\"\"\n               data-src=\"http:\/\/sportjudo.cz\/vt-polsko-2020\/01_VT_Polsko_2020.jpg\"\n               data-thumbnail=\"http:\/\/sportjudo.cz\/vt-polsko-2020\/thumbs\/thumbs_01_VT_Polsko_2020.jpg\"\n               data-image-id=\"140\"\n               data-title=\"01_VT_Polsko_2020\"\n               data-description=\"\"\n               data-image-slug=\"01_vt_polsko_2020\"\n               class='use_imagebrowser_effect' data-imagebrowser-url='http:\/\/sportjudo.cz\/index.php\/nggallery\/image\/%STUB%?p=1335'>\n                <img\n                    title=\"01_VT_Polsko_2020\"\n                    alt=\"01_VT_Polsko_2020\"\n                    src=\"http:\/\/sportjudo.cz\/vt-polsko-2020\/thumbs\/thumbs_01_VT_Polsko_2020.jpg\"\n                    width=\"240\"\n                    height=\"160\"\n                    style=\"max-width:100%;\"\n                \/>\n            <\/a>\n        <\/div>\n\t\t\t\t\t\t\t<\/div> \n\t\t\t\n        \n\t\t\t\t<div id=\"ngg-image-1\" class=\"ngg-gallery-thumbnail-box\" >\n\t\t\t\t        <div class=\"ngg-gallery-thumbnail\">\n            <a href=\"http:\/\/sportjudo.cz\/vt-polsko-2020\/02_VT_Polsko_2020.jpg\"\n               title=\"\"\n               data-src=\"http:\/\/sportjudo.cz\/vt-polsko-2020\/02_VT_Polsko_2020.jpg\"\n               data-thumbnail=\"http:\/\/sportjudo.cz\/vt-polsko-2020\/thumbs\/thumbs_02_VT_Polsko_2020.jpg\"\n               data-image-id=\"141\"\n               data-title=\"dav\"\n               data-description=\"\"\n               data-image-slug=\"02_vt_polsko_2020\"\n               class='use_imagebrowser_effect' data-imagebrowser-url='http:\/\/sportjudo.cz\/index.php\/nggallery\/image\/%STUB%?p=1335'>\n                <img\n                    title=\"dav\"\n                    alt=\"dav\"\n                    src=\"http:\/\/sportjudo.cz\/vt-polsko-2020\/thumbs\/thumbs_02_VT_Polsko_2020.jpg\"\n                    width=\"240\"\n                    height=\"160\"\n                    style=\"max-width:100%;\"\n                \/>\n            <\/a>\n        <\/div>\n\t\t\t\t\t\t\t<\/div> \n\t\t\t\n        \n\t\t\t\t<div id=\"ngg-image-2\" class=\"ngg-gallery-thumbnail-box\" >\n\t\t\t\t        <div class=\"ngg-gallery-thumbnail\">\n            <a href=\"http:\/\/sportjudo.cz\/vt-polsko-2020\/03_VT_Polsko_2020.jpg\"\n               title=\"\"\n               data-src=\"http:\/\/sportjudo.cz\/vt-polsko-2020\/03_VT_Polsko_2020.jpg\"\n               data-thumbnail=\"http:\/\/sportjudo.cz\/vt-polsko-2020\/thumbs\/thumbs_03_VT_Polsko_2020.jpg\"\n               data-image-id=\"142\"\n               data-title=\"dav\"\n               data-description=\"\"\n               data-image-slug=\"03_vt_polsko_2020\"\n               class='use_imagebrowser_effect' data-imagebrowser-url='http:\/\/sportjudo.cz\/index.php\/nggallery\/image\/%STUB%?p=1335'>\n                <img\n                    title=\"dav\"\n                    alt=\"dav\"\n                    src=\"http:\/\/sportjudo.cz\/vt-polsko-2020\/thumbs\/thumbs_03_VT_Polsko_2020.jpg\"\n                    width=\"240\"\n                    height=\"160\"\n                    style=\"max-width:100%;\"\n                \/>\n            <\/a>\n        <\/div>\n\t\t\t\t\t\t\t<\/div> \n\t\t\t\n        \n\t\t\t\t<div id=\"ngg-image-3\" class=\"ngg-gallery-thumbnail-box\" >\n\t\t\t\t        <div class=\"ngg-gallery-thumbnail\">\n            <a href=\"http:\/\/sportjudo.cz\/vt-polsko-2020\/04_VT_Polsko_2020.jpg\"\n               title=\"\"\n               data-src=\"http:\/\/sportjudo.cz\/vt-polsko-2020\/04_VT_Polsko_2020.jpg\"\n               data-thumbnail=\"http:\/\/sportjudo.cz\/vt-polsko-2020\/thumbs\/thumbs_04_VT_Polsko_2020.jpg\"\n               data-image-id=\"143\"\n               data-title=\"04_VT_Polsko_2020\"\n               data-description=\"\"\n               data-image-slug=\"04_vt_polsko_2020\"\n               class='use_imagebrowser_effect' data-imagebrowser-url='http:\/\/sportjudo.cz\/index.php\/nggallery\/image\/%STUB%?p=1335'>\n                <img\n                    title=\"04_VT_Polsko_2020\"\n                    alt=\"04_VT_Polsko_2020\"\n                    src=\"http:\/\/sportjudo.cz\/vt-polsko-2020\/thumbs\/thumbs_04_VT_Polsko_2020.jpg\"\n                    width=\"240\"\n                    height=\"160\"\n                    style=\"max-width:100%;\"\n                \/>\n            <\/a>\n        <\/div>\n\t\t\t\t\t\t\t<\/div> \n\t\t\t\n        \n\t\t\n\t\t<!-- Pagination -->\n\t<div class='ngg-clear'><\/div>\t<\/div>\n\n","protected":false},"excerpt":{"rendered":"<p>17.-21.8. VT Polsko &#8211; Wladyslawowo Skupinka na\u0161ich dorostenc\u016f se na konci pr\u00e1zdnin p\u0159ipravuje spole\u010dn\u011b s polsk\u00fdmi judisty na novou sez\u00f3nu v p\u0159\u00edmo\u0159sk\u00e9m sportovn\u00edm centru v Cetniewu &#8211; Wladyslawowu.<\/p>\n","protected":false},"author":3,"featured_media":1334,"comment_status":"closed","ping_status":"open","sticky":false,"template":"","format":"status","meta":{"ngg_post_thumbnail":0},"categories":[7],"tags":[],"_links":{"self":[{"href":"http:\/\/sportjudo.cz\/index.php?rest_route=\/wp\/v2\/posts\/1335"}],"collection":[{"href":"http:\/\/sportjudo.cz\/index.php?rest_route=\/wp\/v2\/posts"}],"about":[{"href":"http:\/\/sportjudo.cz\/index.php?rest_route=\/wp\/v2\/types\/post"}],"author":[{"embeddable":true,"href":"http:\/\/sportjudo.cz\/index.php?rest_route=\/wp\/v2\/users\/3"}],"replies":[{"embeddable":true,"href":"http:\/\/sportjudo.cz\/index.php?rest_route=%2Fwp%2Fv2%2Fcomments&post=1335"}],"version-history":[{"count":2,"href":"http:\/\/sportjudo.cz\/index.php?rest_route=\/wp\/v2\/posts\/1335\/revisions"}],"predecessor-version":[{"id":1342,"href":"http:\/\/sportjudo.cz\/index.php?rest_route=\/wp\/v2\/posts\/1335\/revisions\/1342"}],"wp:featuredmedia":[{"embeddable":true,"href":"http:\/\/sportjudo.cz\/index.php?rest_route=\/wp\/v2\/media\/1334"}],"wp:attachment":[{"href":"http:\/\/sportjudo.cz\/index.php?rest_route=%2Fwp%2Fv2%2Fmedia&parent=1335"}],"wp:term":[{"taxonomy":"category","embeddable":true,"href":"http:\/\/sportjudo.cz\/index.php?rest_route=%2Fwp%2Fv2%2Fcategories&post=1335"},{"taxonomy":"post_tag","embeddable":true,"href":"http:\/\/sportjudo.cz\/index.php?rest_route=%2Fwp%2Fv2%2Ftags&post=1335"}],"curies":[{"name":"wp","href":"https:\/\/api.w.org\/{rel}","templated":true}]}}