{"id":1374,"date":"2020-06-28T12:45:47","date_gmt":"2020-06-28T10:45:47","guid":{"rendered":"http:\/\/sportjudo.cz\/?p=1374"},"modified":"2020-08-22T12:49:15","modified_gmt":"2020-08-22T10:49:15","slug":"vt-liberec","status":"publish","type":"post","link":"http:\/\/sportjudo.cz\/?p=1374","title":{"rendered":"VT Liberec"},"content":{"rendered":"<p>26-28.6.2020<\/p>\n<p>T\u0159i dny v Liberci na rozlou\u010den\u00ed se \u0161koln\u00edm rokem. Prvn\u00ed spole\u010dn\u00e1 akce po nucen\u00e9 pauze. Chu\u0165 z\u00e1pasit ze v\u0161ech tryskala.<\/p>\n<!-- index.php -->\n<div\n\tclass=\"ngg-galleryoverview\"\n\tid=\"ngg-gallery-ba8112e57323856d03ce1a08476e14ae-1\">\n\n    \t\t<!-- Thumbnails -->\n\t\t\t\t<div id=\"ngg-image-0\" class=\"ngg-gallery-thumbnail-box\" >\n\t\t\t\t        <div class=\"ngg-gallery-thumbnail\">\n            <a href=\"http:\/\/sportjudo.cz\/vt-liberec-2020\/01_VT_Liberec_2020.JPG\"\n               title=\"\"\n               data-src=\"http:\/\/sportjudo.cz\/vt-liberec-2020\/01_VT_Liberec_2020.JPG\"\n               data-thumbnail=\"http:\/\/sportjudo.cz\/vt-liberec-2020\/thumbs\/thumbs_01_VT_Liberec_2020.JPG\"\n               data-image-id=\"160\"\n               data-title=\"01_VT_Liberec_2020\"\n               data-description=\"\"\n               data-image-slug=\"01_vt_liberec_2020\"\n               class='use_imagebrowser_effect' data-imagebrowser-url='http:\/\/sportjudo.cz\/index.php\/nggallery\/image\/%STUB%?p=1374'>\n                <img\n                    title=\"01_VT_Liberec_2020\"\n                    alt=\"01_VT_Liberec_2020\"\n                    src=\"http:\/\/sportjudo.cz\/vt-liberec-2020\/thumbs\/thumbs_01_VT_Liberec_2020.JPG\"\n                    width=\"240\"\n                    height=\"160\"\n                    style=\"max-width:100%;\"\n                \/>\n            <\/a>\n        <\/div>\n\t\t\t\t\t\t\t<\/div> \n\t\t\t\n        \n\t\t\t\t<div id=\"ngg-image-1\" class=\"ngg-gallery-thumbnail-box\" >\n\t\t\t\t        <div class=\"ngg-gallery-thumbnail\">\n            <a href=\"http:\/\/sportjudo.cz\/vt-liberec-2020\/02_VT_Liberec_2020.JPG\"\n               title=\"\"\n               data-src=\"http:\/\/sportjudo.cz\/vt-liberec-2020\/02_VT_Liberec_2020.JPG\"\n               data-thumbnail=\"http:\/\/sportjudo.cz\/vt-liberec-2020\/thumbs\/thumbs_02_VT_Liberec_2020.JPG\"\n               data-image-id=\"161\"\n               data-title=\"02_VT_Liberec_2020\"\n               data-description=\"\"\n               data-image-slug=\"02_vt_liberec_2020\"\n               class='use_imagebrowser_effect' data-imagebrowser-url='http:\/\/sportjudo.cz\/index.php\/nggallery\/image\/%STUB%?p=1374'>\n                <img\n                    title=\"02_VT_Liberec_2020\"\n                    alt=\"02_VT_Liberec_2020\"\n                    src=\"http:\/\/sportjudo.cz\/vt-liberec-2020\/thumbs\/thumbs_02_VT_Liberec_2020.JPG\"\n                    width=\"240\"\n                    height=\"160\"\n                    style=\"max-width:100%;\"\n                \/>\n            <\/a>\n        <\/div>\n\t\t\t\t\t\t\t<\/div> \n\t\t\t\n        \n\t\t\t\t<div id=\"ngg-image-2\" class=\"ngg-gallery-thumbnail-box\" >\n\t\t\t\t        <div class=\"ngg-gallery-thumbnail\">\n            <a href=\"http:\/\/sportjudo.cz\/vt-liberec-2020\/03_VT_Liberec_2020.JPG\"\n               title=\"\"\n               data-src=\"http:\/\/sportjudo.cz\/vt-liberec-2020\/03_VT_Liberec_2020.JPG\"\n               data-thumbnail=\"http:\/\/sportjudo.cz\/vt-liberec-2020\/thumbs\/thumbs_03_VT_Liberec_2020.JPG\"\n               data-image-id=\"162\"\n               data-title=\"03_VT_Liberec_2020\"\n               data-description=\"\"\n               data-image-slug=\"03_vt_liberec_2020\"\n               class='use_imagebrowser_effect' data-imagebrowser-url='http:\/\/sportjudo.cz\/index.php\/nggallery\/image\/%STUB%?p=1374'>\n                <img\n                    title=\"03_VT_Liberec_2020\"\n                    alt=\"03_VT_Liberec_2020\"\n                    src=\"http:\/\/sportjudo.cz\/vt-liberec-2020\/thumbs\/thumbs_03_VT_Liberec_2020.JPG\"\n                    width=\"240\"\n                    height=\"160\"\n                    style=\"max-width:100%;\"\n                \/>\n            <\/a>\n        <\/div>\n\t\t\t\t\t\t\t<\/div> \n\t\t\t\n        \n\t\t\t\t<div id=\"ngg-image-3\" class=\"ngg-gallery-thumbnail-box\" >\n\t\t\t\t        <div class=\"ngg-gallery-thumbnail\">\n            <a href=\"http:\/\/sportjudo.cz\/vt-liberec-2020\/04_VT_Liberec_2020.JPG\"\n               title=\"\"\n               data-src=\"http:\/\/sportjudo.cz\/vt-liberec-2020\/04_VT_Liberec_2020.JPG\"\n               data-thumbnail=\"http:\/\/sportjudo.cz\/vt-liberec-2020\/thumbs\/thumbs_04_VT_Liberec_2020.JPG\"\n               data-image-id=\"163\"\n               data-title=\"04_VT_Liberec_2020\"\n               data-description=\"\"\n               data-image-slug=\"04_vt_liberec_2020\"\n               class='use_imagebrowser_effect' data-imagebrowser-url='http:\/\/sportjudo.cz\/index.php\/nggallery\/image\/%STUB%?p=1374'>\n                <img\n                    title=\"04_VT_Liberec_2020\"\n                    alt=\"04_VT_Liberec_2020\"\n                    src=\"http:\/\/sportjudo.cz\/vt-liberec-2020\/thumbs\/thumbs_04_VT_Liberec_2020.JPG\"\n                    width=\"240\"\n                    height=\"160\"\n                    style=\"max-width:100%;\"\n                \/>\n            <\/a>\n        <\/div>\n\t\t\t\t\t\t\t<\/div> \n\t\t\t\n        \n\t\t\t\t<div id=\"ngg-image-4\" class=\"ngg-gallery-thumbnail-box\" >\n\t\t\t\t        <div class=\"ngg-gallery-thumbnail\">\n            <a href=\"http:\/\/sportjudo.cz\/vt-liberec-2020\/05_VT_Liberec_2020.JPG\"\n               title=\"\"\n               data-src=\"http:\/\/sportjudo.cz\/vt-liberec-2020\/05_VT_Liberec_2020.JPG\"\n               data-thumbnail=\"http:\/\/sportjudo.cz\/vt-liberec-2020\/thumbs\/thumbs_05_VT_Liberec_2020.JPG\"\n               data-image-id=\"164\"\n               data-title=\"05_VT_Liberec_2020\"\n               data-description=\"\"\n               data-image-slug=\"05_vt_liberec_2020\"\n               class='use_imagebrowser_effect' data-imagebrowser-url='http:\/\/sportjudo.cz\/index.php\/nggallery\/image\/%STUB%?p=1374'>\n                <img\n                    title=\"05_VT_Liberec_2020\"\n                    alt=\"05_VT_Liberec_2020\"\n                    src=\"http:\/\/sportjudo.cz\/vt-liberec-2020\/thumbs\/thumbs_05_VT_Liberec_2020.JPG\"\n                    width=\"240\"\n                    height=\"160\"\n                    style=\"max-width:100%;\"\n                \/>\n            <\/a>\n        <\/div>\n\t\t\t\t\t\t\t<\/div> \n\t\t\t\n        \n\t\t\t\t<div id=\"ngg-image-5\" class=\"ngg-gallery-thumbnail-box\" >\n\t\t\t\t        <div class=\"ngg-gallery-thumbnail\">\n            <a href=\"http:\/\/sportjudo.cz\/vt-liberec-2020\/06_VT_Liberec_2020.JPG\"\n               title=\"\"\n               data-src=\"http:\/\/sportjudo.cz\/vt-liberec-2020\/06_VT_Liberec_2020.JPG\"\n               data-thumbnail=\"http:\/\/sportjudo.cz\/vt-liberec-2020\/thumbs\/thumbs_06_VT_Liberec_2020.JPG\"\n               data-image-id=\"165\"\n               data-title=\"06_VT_Liberec_2020\"\n               data-description=\"\"\n               data-image-slug=\"06_vt_liberec_2020\"\n               class='use_imagebrowser_effect' data-imagebrowser-url='http:\/\/sportjudo.cz\/index.php\/nggallery\/image\/%STUB%?p=1374'>\n                <img\n                    title=\"06_VT_Liberec_2020\"\n                    alt=\"06_VT_Liberec_2020\"\n                    src=\"http:\/\/sportjudo.cz\/vt-liberec-2020\/thumbs\/thumbs_06_VT_Liberec_2020.JPG\"\n                    width=\"240\"\n                    height=\"160\"\n                    style=\"max-width:100%;\"\n                \/>\n            <\/a>\n        <\/div>\n\t\t\t\t\t\t\t<\/div> \n\t\t\t\n        \n\t\t\n\t\t<!-- Pagination -->\n\t<div class='ngg-clear'><\/div>\t<\/div>\n\n","protected":false},"excerpt":{"rendered":"<p>26-28.6.2020 T\u0159i dny v Liberci na rozlou\u010den\u00ed se \u0161koln\u00edm rokem. Prvn\u00ed spole\u010dn\u00e1 akce po nucen\u00e9 pauze. Chu\u0165 z\u00e1pasit ze v\u0161ech tryskala.<\/p>\n","protected":false},"author":3,"featured_media":1373,"comment_status":"closed","ping_status":"open","sticky":false,"template":"","format":"status","meta":{"ngg_post_thumbnail":0},"categories":[7],"tags":[],"_links":{"self":[{"href":"http:\/\/sportjudo.cz\/index.php?rest_route=\/wp\/v2\/posts\/1374"}],"collection":[{"href":"http:\/\/sportjudo.cz\/index.php?rest_route=\/wp\/v2\/posts"}],"about":[{"href":"http:\/\/sportjudo.cz\/index.php?rest_route=\/wp\/v2\/types\/post"}],"author":[{"embeddable":true,"href":"http:\/\/sportjudo.cz\/index.php?rest_route=\/wp\/v2\/users\/3"}],"replies":[{"embeddable":true,"href":"http:\/\/sportjudo.cz\/index.php?rest_route=%2Fwp%2Fv2%2Fcomments&post=1374"}],"version-history":[{"count":3,"href":"http:\/\/sportjudo.cz\/index.php?rest_route=\/wp\/v2\/posts\/1374\/revisions"}],"predecessor-version":[{"id":1377,"href":"http:\/\/sportjudo.cz\/index.php?rest_route=\/wp\/v2\/posts\/1374\/revisions\/1377"}],"wp:featuredmedia":[{"embeddable":true,"href":"http:\/\/sportjudo.cz\/index.php?rest_route=\/wp\/v2\/media\/1373"}],"wp:attachment":[{"href":"http:\/\/sportjudo.cz\/index.php?rest_route=%2Fwp%2Fv2%2Fmedia&parent=1374"}],"wp:term":[{"taxonomy":"category","embeddable":true,"href":"http:\/\/sportjudo.cz\/index.php?rest_route=%2Fwp%2Fv2%2Fcategories&post=1374"},{"taxonomy":"post_tag","embeddable":true,"href":"http:\/\/sportjudo.cz\/index.php?rest_route=%2Fwp%2Fv2%2Ftags&post=1374"}],"curies":[{"name":"wp","href":"https:\/\/api.w.org\/{rel}","templated":true}]}}