{"id":1417,"date":"2020-09-15T15:23:51","date_gmt":"2020-09-15T13:23:51","guid":{"rendered":"http:\/\/sportjudo.cz\/?p=1417"},"modified":"2020-09-15T15:23:51","modified_gmt":"2020-09-15T13:23:51","slug":"cesky-pohar-brno","status":"publish","type":"post","link":"http:\/\/sportjudo.cz\/?p=1417","title":{"rendered":"\u010cesk\u00fd poh\u00e1r Brno"},"content":{"rendered":"<!-- index.php -->\n<div\n\tclass=\"ngg-galleryoverview\"\n\tid=\"ngg-gallery-6847f3b44d930614fbdbfbe38d7be65c-1\">\n\n    \t\t<!-- Thumbnails -->\n\t\t\t\t<div id=\"ngg-image-0\" class=\"ngg-gallery-thumbnail-box\" >\n\t\t\t\t        <div class=\"ngg-gallery-thumbnail\">\n            <a href=\"http:\/\/sportjudo.cz\/cp-brno-0920\/IMG_20200912_161558.jpg\"\n               title=\"\"\n               data-src=\"http:\/\/sportjudo.cz\/cp-brno-0920\/IMG_20200912_161558.jpg\"\n               data-thumbnail=\"http:\/\/sportjudo.cz\/cp-brno-0920\/thumbs\/thumbs_IMG_20200912_161558.jpg\"\n               data-image-id=\"173\"\n               data-title=\"IMG_20200912_161558\"\n               data-description=\"\"\n               data-image-slug=\"img_20200912_161558\"\n               class='use_imagebrowser_effect' data-imagebrowser-url='http:\/\/sportjudo.cz\/index.php\/nggallery\/image\/%STUB%?p=1417'>\n                <img\n                    title=\"IMG_20200912_161558\"\n                    alt=\"IMG_20200912_161558\"\n                    src=\"http:\/\/sportjudo.cz\/cp-brno-0920\/thumbs\/thumbs_IMG_20200912_161558.jpg\"\n                    width=\"240\"\n                    height=\"160\"\n                    style=\"max-width:100%;\"\n                \/>\n            <\/a>\n        <\/div>\n\t\t\t\t\t\t\t<\/div> \n\t\t\t\n        \n\t\t\t\t<div id=\"ngg-image-1\" class=\"ngg-gallery-thumbnail-box\" >\n\t\t\t\t        <div class=\"ngg-gallery-thumbnail\">\n            <a href=\"http:\/\/sportjudo.cz\/cp-brno-0920\/IMG_20200912_161457.jpg\"\n               title=\"\"\n               data-src=\"http:\/\/sportjudo.cz\/cp-brno-0920\/IMG_20200912_161457.jpg\"\n               data-thumbnail=\"http:\/\/sportjudo.cz\/cp-brno-0920\/thumbs\/thumbs_IMG_20200912_161457.jpg\"\n               data-image-id=\"174\"\n               data-title=\"IMG_20200912_161457\"\n               data-description=\"\"\n               data-image-slug=\"img_20200912_161457\"\n               class='use_imagebrowser_effect' data-imagebrowser-url='http:\/\/sportjudo.cz\/index.php\/nggallery\/image\/%STUB%?p=1417'>\n                <img\n                    title=\"IMG_20200912_161457\"\n                    alt=\"IMG_20200912_161457\"\n                    src=\"http:\/\/sportjudo.cz\/cp-brno-0920\/thumbs\/thumbs_IMG_20200912_161457.jpg\"\n                    width=\"240\"\n                    height=\"160\"\n                    style=\"max-width:100%;\"\n                \/>\n            <\/a>\n        <\/div>\n\t\t\t\t\t\t\t<\/div> \n\t\t\t\n        \n\t\t\t\t<div id=\"ngg-image-2\" class=\"ngg-gallery-thumbnail-box\" >\n\t\t\t\t        <div class=\"ngg-gallery-thumbnail\">\n            <a href=\"http:\/\/sportjudo.cz\/cp-brno-0920\/IMG_20200912_161438.jpg\"\n               title=\"\"\n               data-src=\"http:\/\/sportjudo.cz\/cp-brno-0920\/IMG_20200912_161438.jpg\"\n               data-thumbnail=\"http:\/\/sportjudo.cz\/cp-brno-0920\/thumbs\/thumbs_IMG_20200912_161438.jpg\"\n               data-image-id=\"175\"\n               data-title=\"IMG_20200912_161438\"\n               data-description=\"\"\n               data-image-slug=\"img_20200912_161438\"\n               class='use_imagebrowser_effect' data-imagebrowser-url='http:\/\/sportjudo.cz\/index.php\/nggallery\/image\/%STUB%?p=1417'>\n                <img\n                    title=\"IMG_20200912_161438\"\n                    alt=\"IMG_20200912_161438\"\n                    src=\"http:\/\/sportjudo.cz\/cp-brno-0920\/thumbs\/thumbs_IMG_20200912_161438.jpg\"\n                    width=\"240\"\n                    height=\"160\"\n                    style=\"max-width:100%;\"\n                \/>\n            <\/a>\n        <\/div>\n\t\t\t\t\t\t\t<\/div> \n\t\t\t\n        \n\t\t\t\t<div id=\"ngg-image-3\" class=\"ngg-gallery-thumbnail-box\" >\n\t\t\t\t        <div class=\"ngg-gallery-thumbnail\">\n            <a href=\"http:\/\/sportjudo.cz\/cp-brno-0920\/IMG_20200912_161301.jpg\"\n               title=\"\"\n               data-src=\"http:\/\/sportjudo.cz\/cp-brno-0920\/IMG_20200912_161301.jpg\"\n               data-thumbnail=\"http:\/\/sportjudo.cz\/cp-brno-0920\/thumbs\/thumbs_IMG_20200912_161301.jpg\"\n               data-image-id=\"176\"\n               data-title=\"IMG_20200912_161301\"\n               data-description=\"\"\n               data-image-slug=\"img_20200912_161301\"\n               class='use_imagebrowser_effect' data-imagebrowser-url='http:\/\/sportjudo.cz\/index.php\/nggallery\/image\/%STUB%?p=1417'>\n                <img\n                    title=\"IMG_20200912_161301\"\n                    alt=\"IMG_20200912_161301\"\n                    src=\"http:\/\/sportjudo.cz\/cp-brno-0920\/thumbs\/thumbs_IMG_20200912_161301.jpg\"\n                    width=\"240\"\n                    height=\"160\"\n                    style=\"max-width:100%;\"\n                \/>\n            <\/a>\n        <\/div>\n\t\t\t\t\t\t\t<\/div> \n\t\t\t\n        \n\t\t\t\t<div id=\"ngg-image-4\" class=\"ngg-gallery-thumbnail-box\" >\n\t\t\t\t        <div class=\"ngg-gallery-thumbnail\">\n            <a href=\"http:\/\/sportjudo.cz\/cp-brno-0920\/IMG_20200912_160608.jpg\"\n               title=\"\"\n               data-src=\"http:\/\/sportjudo.cz\/cp-brno-0920\/IMG_20200912_160608.jpg\"\n               data-thumbnail=\"http:\/\/sportjudo.cz\/cp-brno-0920\/thumbs\/thumbs_IMG_20200912_160608.jpg\"\n               data-image-id=\"177\"\n               data-title=\"IMG_20200912_160608\"\n               data-description=\"\"\n               data-image-slug=\"img_20200912_160608\"\n               class='use_imagebrowser_effect' data-imagebrowser-url='http:\/\/sportjudo.cz\/index.php\/nggallery\/image\/%STUB%?p=1417'>\n                <img\n                    title=\"IMG_20200912_160608\"\n                    alt=\"IMG_20200912_160608\"\n                    src=\"http:\/\/sportjudo.cz\/cp-brno-0920\/thumbs\/thumbs_IMG_20200912_160608.jpg\"\n                    width=\"240\"\n                    height=\"160\"\n                    style=\"max-width:100%;\"\n                \/>\n            <\/a>\n        <\/div>\n\t\t\t\t\t\t\t<\/div> \n\t\t\t\n        \n\t\t\t\t<div id=\"ngg-image-5\" class=\"ngg-gallery-thumbnail-box\" >\n\t\t\t\t        <div class=\"ngg-gallery-thumbnail\">\n            <a href=\"http:\/\/sportjudo.cz\/cp-brno-0920\/IMG_20200912_160232.jpg\"\n               title=\"\"\n               data-src=\"http:\/\/sportjudo.cz\/cp-brno-0920\/IMG_20200912_160232.jpg\"\n               data-thumbnail=\"http:\/\/sportjudo.cz\/cp-brno-0920\/thumbs\/thumbs_IMG_20200912_160232.jpg\"\n               data-image-id=\"178\"\n               data-title=\"IMG_20200912_160232\"\n               data-description=\"\"\n               data-image-slug=\"img_20200912_160232\"\n               class='use_imagebrowser_effect' data-imagebrowser-url='http:\/\/sportjudo.cz\/index.php\/nggallery\/image\/%STUB%?p=1417'>\n                <img\n                    title=\"IMG_20200912_160232\"\n                    alt=\"IMG_20200912_160232\"\n                    src=\"http:\/\/sportjudo.cz\/cp-brno-0920\/thumbs\/thumbs_IMG_20200912_160232.jpg\"\n                    width=\"240\"\n                    height=\"160\"\n                    style=\"max-width:100%;\"\n                \/>\n            <\/a>\n        <\/div>\n\t\t\t\t\t\t\t<\/div> \n\t\t\t\n        \n\t\t\n\t\t<!-- Pagination -->\n\t<div class='ngg-clear'><\/div>\t<\/div>\n\n","protected":false},"excerpt":{"rendered":"","protected":false},"author":1,"featured_media":0,"comment_status":"closed","ping_status":"open","sticky":false,"template":"","format":"status","meta":{"ngg_post_thumbnail":0},"categories":[1],"tags":[],"_links":{"self":[{"href":"http:\/\/sportjudo.cz\/index.php?rest_route=\/wp\/v2\/posts\/1417"}],"collection":[{"href":"http:\/\/sportjudo.cz\/index.php?rest_route=\/wp\/v2\/posts"}],"about":[{"href":"http:\/\/sportjudo.cz\/index.php?rest_route=\/wp\/v2\/types\/post"}],"author":[{"embeddable":true,"href":"http:\/\/sportjudo.cz\/index.php?rest_route=\/wp\/v2\/users\/1"}],"replies":[{"embeddable":true,"href":"http:\/\/sportjudo.cz\/index.php?rest_route=%2Fwp%2Fv2%2Fcomments&post=1417"}],"version-history":[{"count":1,"href":"http:\/\/sportjudo.cz\/index.php?rest_route=\/wp\/v2\/posts\/1417\/revisions"}],"predecessor-version":[{"id":1418,"href":"http:\/\/sportjudo.cz\/index.php?rest_route=\/wp\/v2\/posts\/1417\/revisions\/1418"}],"wp:attachment":[{"href":"http:\/\/sportjudo.cz\/index.php?rest_route=%2Fwp%2Fv2%2Fmedia&parent=1417"}],"wp:term":[{"taxonomy":"category","embeddable":true,"href":"http:\/\/sportjudo.cz\/index.php?rest_route=%2Fwp%2Fv2%2Fcategories&post=1417"},{"taxonomy":"post_tag","embeddable":true,"href":"http:\/\/sportjudo.cz\/index.php?rest_route=%2Fwp%2Fv2%2Ftags&post=1417"}],"curies":[{"name":"wp","href":"https:\/\/api.w.org\/{rel}","templated":true}]}}