{"id":1472,"date":"2020-09-24T13:33:44","date_gmt":"2020-09-24T11:33:44","guid":{"rendered":"http:\/\/sportjudo.cz\/?p=1472"},"modified":"2020-09-24T13:33:44","modified_gmt":"2020-09-24T11:33:44","slug":"mt-teplice-19-20-9-2020-dorost-juniori","status":"publish","type":"post","link":"http:\/\/sportjudo.cz\/?p=1472","title":{"rendered":"MT Teplice 19.-20.9.2020 dorost, junio\u0159i"},"content":{"rendered":"<p>Va\u0161ek Nov\u00e1\u010dek dok\u00e1zal zopakovat v\u00edt\u011bzstv\u00ed a zlato bral i v Teplic\u00edch.<\/p>\n<p><img loading=\"lazy\" class=\"alignnone size-full wp-image-1473\" src=\"http:\/\/sportjudo.cz\/wp-content\/uploads\/2020\/09\/teplice01-scaled.jpg\" alt=\"\" width=\"1445\" height=\"2560\" srcset=\"http:\/\/sportjudo.cz\/wp-content\/uploads\/2020\/09\/teplice01-scaled.jpg 1445w, http:\/\/sportjudo.cz\/wp-content\/uploads\/2020\/09\/teplice01-169x300.jpg 169w, http:\/\/sportjudo.cz\/wp-content\/uploads\/2020\/09\/teplice01-578x1024.jpg 578w, http:\/\/sportjudo.cz\/wp-content\/uploads\/2020\/09\/teplice01-768x1360.jpg 768w, http:\/\/sportjudo.cz\/wp-content\/uploads\/2020\/09\/teplice01-867x1536.jpg 867w, http:\/\/sportjudo.cz\/wp-content\/uploads\/2020\/09\/teplice01-1156x2048.jpg 1156w\" sizes=\"(max-width: 1445px) 100vw, 1445px\" \/><\/p>\n<div id=\"attachment_1474\" style=\"width: 1359px\" class=\"wp-caption alignnone\"><img aria-describedby=\"caption-attachment-1474\" loading=\"lazy\" class=\"size-full wp-image-1474\" src=\"http:\/\/sportjudo.cz\/wp-content\/uploads\/2020\/09\/teplice02.jpg\" alt=\"\" width=\"1349\" height=\"2128\" srcset=\"http:\/\/sportjudo.cz\/wp-content\/uploads\/2020\/09\/teplice02.jpg 1349w, http:\/\/sportjudo.cz\/wp-content\/uploads\/2020\/09\/teplice02-190x300.jpg 190w, http:\/\/sportjudo.cz\/wp-content\/uploads\/2020\/09\/teplice02-649x1024.jpg 649w, http:\/\/sportjudo.cz\/wp-content\/uploads\/2020\/09\/teplice02-768x1211.jpg 768w, http:\/\/sportjudo.cz\/wp-content\/uploads\/2020\/09\/teplice02-974x1536.jpg 974w, http:\/\/sportjudo.cz\/wp-content\/uploads\/2020\/09\/teplice02-1298x2048.jpg 1298w\" sizes=\"(max-width: 1349px) 100vw, 1349px\" \/><p id=\"caption-attachment-1474\" class=\"wp-caption-text\">cof<\/p><\/div>\n<div id=\"attachment_1475\" style=\"width: 2570px\" class=\"wp-caption alignnone\"><img aria-describedby=\"caption-attachment-1475\" loading=\"lazy\" class=\"size-full wp-image-1475\" src=\"http:\/\/sportjudo.cz\/wp-content\/uploads\/2020\/09\/teplice03-scaled.jpg\" alt=\"\" width=\"2560\" height=\"1714\" srcset=\"http:\/\/sportjudo.cz\/wp-content\/uploads\/2020\/09\/teplice03-scaled.jpg 2560w, http:\/\/sportjudo.cz\/wp-content\/uploads\/2020\/09\/teplice03-300x201.jpg 300w, http:\/\/sportjudo.cz\/wp-content\/uploads\/2020\/09\/teplice03-1024x686.jpg 1024w, http:\/\/sportjudo.cz\/wp-content\/uploads\/2020\/09\/teplice03-768x514.jpg 768w, http:\/\/sportjudo.cz\/wp-content\/uploads\/2020\/09\/teplice03-1536x1029.jpg 1536w, http:\/\/sportjudo.cz\/wp-content\/uploads\/2020\/09\/teplice03-2048x1372.jpg 2048w, http:\/\/sportjudo.cz\/wp-content\/uploads\/2020\/09\/teplice03-272x182.jpg 272w\" sizes=\"(max-width: 2560px) 100vw, 2560px\" \/><p id=\"caption-attachment-1475\" class=\"wp-caption-text\">dav<\/p><\/div>\n","protected":false},"excerpt":{"rendered":"<p>Va\u0161ek Nov\u00e1\u010dek dok\u00e1zal zopakovat v\u00edt\u011bzstv\u00ed a zlato bral i v Teplic\u00edch.<\/p>\n","protected":false},"author":1,"featured_media":1475,"comment_status":"closed","ping_status":"open","sticky":false,"template":"","format":"standard","meta":{"ngg_post_thumbnail":0},"categories":[1],"tags":[],"_links":{"self":[{"href":"http:\/\/sportjudo.cz\/index.php?rest_route=\/wp\/v2\/posts\/1472"}],"collection":[{"href":"http:\/\/sportjudo.cz\/index.php?rest_route=\/wp\/v2\/posts"}],"about":[{"href":"http:\/\/sportjudo.cz\/index.php?rest_route=\/wp\/v2\/types\/post"}],"author":[{"embeddable":true,"href":"http:\/\/sportjudo.cz\/index.php?rest_route=\/wp\/v2\/users\/1"}],"replies":[{"embeddable":true,"href":"http:\/\/sportjudo.cz\/index.php?rest_route=%2Fwp%2Fv2%2Fcomments&post=1472"}],"version-history":[{"count":1,"href":"http:\/\/sportjudo.cz\/index.php?rest_route=\/wp\/v2\/posts\/1472\/revisions"}],"predecessor-version":[{"id":1476,"href":"http:\/\/sportjudo.cz\/index.php?rest_route=\/wp\/v2\/posts\/1472\/revisions\/1476"}],"wp:featuredmedia":[{"embeddable":true,"href":"http:\/\/sportjudo.cz\/index.php?rest_route=\/wp\/v2\/media\/1475"}],"wp:attachment":[{"href":"http:\/\/sportjudo.cz\/index.php?rest_route=%2Fwp%2Fv2%2Fmedia&parent=1472"}],"wp:term":[{"taxonomy":"category","embeddable":true,"href":"http:\/\/sportjudo.cz\/index.php?rest_route=%2Fwp%2Fv2%2Fcategories&post=1472"},{"taxonomy":"post_tag","embeddable":true,"href":"http:\/\/sportjudo.cz\/index.php?rest_route=%2Fwp%2Fv2%2Ftags&post=1472"}],"curies":[{"name":"wp","href":"https:\/\/api.w.org\/{rel}","templated":true}]}}