{"id":1501,"date":"2020-11-10T19:37:42","date_gmt":"2020-11-10T18:37:42","guid":{"rendered":"http:\/\/sportjudo.cz\/?p=1501"},"modified":"2020-11-10T19:37:42","modified_gmt":"2020-11-10T18:37:42","slug":"mistrovstvi-evropy-junioru-porec","status":"publish","type":"post","link":"http:\/\/sportjudo.cz\/?p=1501","title":{"rendered":"Mistrovstv\u00ed Evropy junior\u016f Pore\u010d"},"content":{"rendered":"<p>Jan Svoboda ve v\u00e1ze do 73kg reprezentoval n\u00e1\u0161 odd\u00edl na Mistrovstv\u00ed Evropy junior\u016f v p\u0159\u00edmo\u0159sk\u00e9m chorvatsk\u00e9m letovisku v Pore\u010di. Vstup do turnaje Honzovi vy\u0161el v\u00fdborn\u011b. V prvn\u00edm kole po urputn\u00e9m boji porazil jednoho z favorit\u016f turnaje z\u00e1vodn\u00edka s Azerbajd\u017e\u00e1nu, lo\u0148sk\u00e9ho Mistra Evropy do 23 let. V dal\u0161\u00edm z\u00e1pase nastoupil proti z\u00e1vodn\u00edkovi z Holandska. Bohu\u017eel hned v \u00favodu utk\u00e1n\u00ed si Honza poranil palec u ruky a skon\u010dily nad\u011bje na dobr\u00e9 um\u00edst\u011bn\u00ed a utk\u00e1n\u00ed prohr\u00e1l. Jan Svoboda obsadil nakonec 9.m\u00edsto. Honza ur\u010dit\u011b pom\u00fd\u0161lel na lep\u0161\u00ed v\u00fdsledek. V\u011b\u0159\u00edme, \u017ee se brzy do\u010dk\u00e1 velk\u00e9 medaile, t\u0159eba p\u0159\u00ed\u0161t\u00ed rok na Mistrovstv\u00ed Evropy do 23 let.&nbsp;<\/p>\n<!-- index.php -->\n<div\n\tclass=\"ngg-galleryoverview\"\n\tid=\"ngg-gallery-e600a76bac330fe408f3f149c71cbdd8-1\">\n\n    \t\t<!-- Thumbnails -->\n\t\t\t\t<div id=\"ngg-image-0\" class=\"ngg-gallery-thumbnail-box\" >\n\t\t\t\t        <div class=\"ngg-gallery-thumbnail\">\n            <a href=\"http:\/\/sportjudo.cz\/me-porec-2020\/me_porec1.JPG\"\n               title=\"\"\n               data-src=\"http:\/\/sportjudo.cz\/me-porec-2020\/me_porec1.JPG\"\n               data-thumbnail=\"http:\/\/sportjudo.cz\/me-porec-2020\/thumbs\/thumbs_me_porec1.JPG\"\n               data-image-id=\"179\"\n               data-title=\"me_porec1\"\n               data-description=\"\"\n               data-image-slug=\"me_porec1\"\n               class='use_imagebrowser_effect' data-imagebrowser-url='http:\/\/sportjudo.cz\/index.php\/nggallery\/image\/%STUB%?p=1501'>\n                <img\n                    title=\"me_porec1\"\n                    alt=\"me_porec1\"\n                    src=\"http:\/\/sportjudo.cz\/me-porec-2020\/thumbs\/thumbs_me_porec1.JPG\"\n                    width=\"240\"\n                    height=\"160\"\n                    style=\"max-width:100%;\"\n                \/>\n            <\/a>\n        <\/div>\n\t\t\t\t\t\t\t<\/div> \n\t\t\t\n        \n\t\t\t\t<div id=\"ngg-image-1\" class=\"ngg-gallery-thumbnail-box\" >\n\t\t\t\t        <div class=\"ngg-gallery-thumbnail\">\n            <a href=\"http:\/\/sportjudo.cz\/me-porec-2020\/me_porec2.JPG\"\n               title=\"\"\n               data-src=\"http:\/\/sportjudo.cz\/me-porec-2020\/me_porec2.JPG\"\n               data-thumbnail=\"http:\/\/sportjudo.cz\/me-porec-2020\/thumbs\/thumbs_me_porec2.JPG\"\n               data-image-id=\"180\"\n               data-title=\"me_porec2\"\n               data-description=\"\"\n               data-image-slug=\"me_porec2\"\n               class='use_imagebrowser_effect' data-imagebrowser-url='http:\/\/sportjudo.cz\/index.php\/nggallery\/image\/%STUB%?p=1501'>\n                <img\n                    title=\"me_porec2\"\n                    alt=\"me_porec2\"\n                    src=\"http:\/\/sportjudo.cz\/me-porec-2020\/thumbs\/thumbs_me_porec2.JPG\"\n                    width=\"240\"\n                    height=\"160\"\n                    style=\"max-width:100%;\"\n                \/>\n            <\/a>\n        <\/div>\n\t\t\t\t\t\t\t<\/div> \n\t\t\t\n        \n\t\t\t\t<div id=\"ngg-image-2\" class=\"ngg-gallery-thumbnail-box\" >\n\t\t\t\t        <div class=\"ngg-gallery-thumbnail\">\n            <a href=\"http:\/\/sportjudo.cz\/me-porec-2020\/me_porec3.JPG\"\n               title=\"\"\n               data-src=\"http:\/\/sportjudo.cz\/me-porec-2020\/me_porec3.JPG\"\n               data-thumbnail=\"http:\/\/sportjudo.cz\/me-porec-2020\/thumbs\/thumbs_me_porec3.JPG\"\n               data-image-id=\"181\"\n               data-title=\"me_porec3\"\n               data-description=\"\"\n               data-image-slug=\"me_porec3\"\n               class='use_imagebrowser_effect' data-imagebrowser-url='http:\/\/sportjudo.cz\/index.php\/nggallery\/image\/%STUB%?p=1501'>\n                <img\n                    title=\"me_porec3\"\n                    alt=\"me_porec3\"\n                    src=\"http:\/\/sportjudo.cz\/me-porec-2020\/thumbs\/thumbs_me_porec3.JPG\"\n                    width=\"240\"\n                    height=\"160\"\n                    style=\"max-width:100%;\"\n                \/>\n            <\/a>\n        <\/div>\n\t\t\t\t\t\t\t<\/div> \n\t\t\t\n        \n\t\t\n\t\t<!-- Pagination -->\n\t<div class='ngg-clear'><\/div>\t<\/div>\n\n","protected":false},"excerpt":{"rendered":"<p>Jan Svoboda ve v\u00e1ze do 73kg reprezentoval n\u00e1\u0161 odd\u00edl na Mistrovstv\u00ed Evropy junior\u016f v p\u0159\u00edmo\u0159sk\u00e9m chorvatsk\u00e9m letovisku v Pore\u010di. Vstup do turnaje Honzovi vy\u0161el v\u00fdborn\u011b. V prvn\u00edm kole po urputn\u00e9m boji porazil jednoho z favorit\u016f turnaje z\u00e1vodn\u00edka s Azerbajd\u017e\u00e1nu, lo\u0148sk\u00e9ho Mistra Evropy do 23 let. V dal\u0161\u00edm z\u00e1pase nastoupil proti z\u00e1vodn\u00edkovi z Holandska. Bohu\u017eel hned&hellip;<\/p>\n","protected":false},"author":1,"featured_media":1506,"comment_status":"closed","ping_status":"open","sticky":false,"template":"","format":"standard","meta":{"ngg_post_thumbnail":0},"categories":[1],"tags":[],"_links":{"self":[{"href":"http:\/\/sportjudo.cz\/index.php?rest_route=\/wp\/v2\/posts\/1501"}],"collection":[{"href":"http:\/\/sportjudo.cz\/index.php?rest_route=\/wp\/v2\/posts"}],"about":[{"href":"http:\/\/sportjudo.cz\/index.php?rest_route=\/wp\/v2\/types\/post"}],"author":[{"embeddable":true,"href":"http:\/\/sportjudo.cz\/index.php?rest_route=\/wp\/v2\/users\/1"}],"replies":[{"embeddable":true,"href":"http:\/\/sportjudo.cz\/index.php?rest_route=%2Fwp%2Fv2%2Fcomments&post=1501"}],"version-history":[{"count":1,"href":"http:\/\/sportjudo.cz\/index.php?rest_route=\/wp\/v2\/posts\/1501\/revisions"}],"predecessor-version":[{"id":1507,"href":"http:\/\/sportjudo.cz\/index.php?rest_route=\/wp\/v2\/posts\/1501\/revisions\/1507"}],"wp:featuredmedia":[{"embeddable":true,"href":"http:\/\/sportjudo.cz\/index.php?rest_route=\/wp\/v2\/media\/1506"}],"wp:attachment":[{"href":"http:\/\/sportjudo.cz\/index.php?rest_route=%2Fwp%2Fv2%2Fmedia&parent=1501"}],"wp:term":[{"taxonomy":"category","embeddable":true,"href":"http:\/\/sportjudo.cz\/index.php?rest_route=%2Fwp%2Fv2%2Fcategories&post=1501"},{"taxonomy":"post_tag","embeddable":true,"href":"http:\/\/sportjudo.cz\/index.php?rest_route=%2Fwp%2Fv2%2Ftags&post=1501"}],"curies":[{"name":"wp","href":"https:\/\/api.w.org\/{rel}","templated":true}]}}