{"id":1509,"date":"2021-01-20T08:01:45","date_gmt":"2021-01-20T07:01:45","guid":{"rendered":"http:\/\/sportjudo.cz\/?p=1509"},"modified":"2021-04-23T08:05:21","modified_gmt":"2021-04-23T06:05:21","slug":"tetrevi-boudy-12-16-1-2021","status":"publish","type":"post","link":"http:\/\/sportjudo.cz\/?p=1509","title":{"rendered":"Tet\u0159ev\u00ed boudy &#8211; 12.-16.1. 2021"},"content":{"rendered":"<p><img loading=\"lazy\" class=\"alignnone size-full wp-image-1510\" src=\"http:\/\/sportjudo.cz\/wp-content\/uploads\/2021\/04\/VT-tetrevky-1.jpg\" alt=\"\" width=\"1600\" height=\"1200\" srcset=\"http:\/\/sportjudo.cz\/wp-content\/uploads\/2021\/04\/VT-tetrevky-1.jpg 1600w, http:\/\/sportjudo.cz\/wp-content\/uploads\/2021\/04\/VT-tetrevky-1-300x225.jpg 300w, http:\/\/sportjudo.cz\/wp-content\/uploads\/2021\/04\/VT-tetrevky-1-1024x768.jpg 1024w, http:\/\/sportjudo.cz\/wp-content\/uploads\/2021\/04\/VT-tetrevky-1-768x576.jpg 768w, http:\/\/sportjudo.cz\/wp-content\/uploads\/2021\/04\/VT-tetrevky-1-1536x1152.jpg 1536w\" sizes=\"(max-width: 1600px) 100vw, 1600px\" \/>Tradi\u010dn\u00ed kondi\u010dn\u00ed soust\u0159ed\u011bn\u00ed prob\u011bhlo tentokr\u00e1t na Tet\u0159ev\u00edch boud\u00e1ch v Krkono\u0161\u00edch. S na\u0161imi dorostenci a juniory spole\u010dn\u011b tr\u00e9novali i judist\u00e9 z SCM Brno<\/p>\n<p>&nbsp;<\/p>\n","protected":false},"excerpt":{"rendered":"<p>Tradi\u010dn\u00ed kondi\u010dn\u00ed soust\u0159ed\u011bn\u00ed prob\u011bhlo tentokr\u00e1t na Tet\u0159ev\u00edch boud\u00e1ch v Krkono\u0161\u00edch. S na\u0161imi dorostenci a juniory spole\u010dn\u011b tr\u00e9novali i judist\u00e9 z SCM Brno &nbsp;<\/p>\n","protected":false},"author":1,"featured_media":1510,"comment_status":"closed","ping_status":"open","sticky":false,"template":"","format":"standard","meta":{"ngg_post_thumbnail":0},"categories":[1],"tags":[],"_links":{"self":[{"href":"http:\/\/sportjudo.cz\/index.php?rest_route=\/wp\/v2\/posts\/1509"}],"collection":[{"href":"http:\/\/sportjudo.cz\/index.php?rest_route=\/wp\/v2\/posts"}],"about":[{"href":"http:\/\/sportjudo.cz\/index.php?rest_route=\/wp\/v2\/types\/post"}],"author":[{"embeddable":true,"href":"http:\/\/sportjudo.cz\/index.php?rest_route=\/wp\/v2\/users\/1"}],"replies":[{"embeddable":true,"href":"http:\/\/sportjudo.cz\/index.php?rest_route=%2Fwp%2Fv2%2Fcomments&post=1509"}],"version-history":[{"count":1,"href":"http:\/\/sportjudo.cz\/index.php?rest_route=\/wp\/v2\/posts\/1509\/revisions"}],"predecessor-version":[{"id":1511,"href":"http:\/\/sportjudo.cz\/index.php?rest_route=\/wp\/v2\/posts\/1509\/revisions\/1511"}],"wp:featuredmedia":[{"embeddable":true,"href":"http:\/\/sportjudo.cz\/index.php?rest_route=\/wp\/v2\/media\/1510"}],"wp:attachment":[{"href":"http:\/\/sportjudo.cz\/index.php?rest_route=%2Fwp%2Fv2%2Fmedia&parent=1509"}],"wp:term":[{"taxonomy":"category","embeddable":true,"href":"http:\/\/sportjudo.cz\/index.php?rest_route=%2Fwp%2Fv2%2Fcategories&post=1509"},{"taxonomy":"post_tag","embeddable":true,"href":"http:\/\/sportjudo.cz\/index.php?rest_route=%2Fwp%2Fv2%2Ftags&post=1509"}],"curies":[{"name":"wp","href":"https:\/\/api.w.org\/{rel}","templated":true}]}}