{"id":1516,"date":"2021-04-23T08:11:25","date_gmt":"2021-04-23T06:11:25","guid":{"rendered":"http:\/\/sportjudo.cz\/?p=1516"},"modified":"2021-04-23T08:11:25","modified_gmt":"2021-04-23T06:11:25","slug":"harachov-16-19-2-20021","status":"publish","type":"post","link":"http:\/\/sportjudo.cz\/?p=1516","title":{"rendered":"Harachov 16.-19.2. 20021"},"content":{"rendered":"<p>A zase ta kondice :-), akor\u00e1t v jin\u00e9 lokalit\u011b v Harachov\u011b. Vyzkou\u0161eli jsme i trat\u011b v sousedn\u00edm Polsku.&nbsp;<\/p>\n<p><img loading=\"lazy\" class=\"alignnone size-full wp-image-1517\" src=\"http:\/\/sportjudo.cz\/wp-content\/uploads\/2021\/04\/IMG_20210218_103526-scaled.jpg\" alt=\"\" width=\"1445\" height=\"2560\" srcset=\"http:\/\/sportjudo.cz\/wp-content\/uploads\/2021\/04\/IMG_20210218_103526-scaled.jpg 1445w, http:\/\/sportjudo.cz\/wp-content\/uploads\/2021\/04\/IMG_20210218_103526-169x300.jpg 169w, http:\/\/sportjudo.cz\/wp-content\/uploads\/2021\/04\/IMG_20210218_103526-578x1024.jpg 578w, http:\/\/sportjudo.cz\/wp-content\/uploads\/2021\/04\/IMG_20210218_103526-768x1360.jpg 768w, http:\/\/sportjudo.cz\/wp-content\/uploads\/2021\/04\/IMG_20210218_103526-867x1536.jpg 867w, http:\/\/sportjudo.cz\/wp-content\/uploads\/2021\/04\/IMG_20210218_103526-1156x2048.jpg 1156w\" sizes=\"(max-width: 1445px) 100vw, 1445px\" \/> <img loading=\"lazy\" class=\"alignnone size-full wp-image-1518\" src=\"http:\/\/sportjudo.cz\/wp-content\/uploads\/2021\/04\/IMG_20210218_103600-scaled.jpg\" alt=\"\" width=\"2560\" height=\"1445\" srcset=\"http:\/\/sportjudo.cz\/wp-content\/uploads\/2021\/04\/IMG_20210218_103600-scaled.jpg 2560w, http:\/\/sportjudo.cz\/wp-content\/uploads\/2021\/04\/IMG_20210218_103600-300x169.jpg 300w, http:\/\/sportjudo.cz\/wp-content\/uploads\/2021\/04\/IMG_20210218_103600-1024x578.jpg 1024w, http:\/\/sportjudo.cz\/wp-content\/uploads\/2021\/04\/IMG_20210218_103600-768x434.jpg 768w, http:\/\/sportjudo.cz\/wp-content\/uploads\/2021\/04\/IMG_20210218_103600-1536x867.jpg 1536w, http:\/\/sportjudo.cz\/wp-content\/uploads\/2021\/04\/IMG_20210218_103600-2048x1156.jpg 2048w\" sizes=\"(max-width: 2560px) 100vw, 2560px\" \/><\/p>\n","protected":false},"excerpt":{"rendered":"<p>A zase ta kondice :-), akor\u00e1t v jin\u00e9 lokalit\u011b v Harachov\u011b. Vyzkou\u0161eli jsme i trat\u011b v sousedn\u00edm Polsku.&nbsp;<\/p>\n","protected":false},"author":1,"featured_media":1518,"comment_status":"closed","ping_status":"open","sticky":false,"template":"","format":"standard","meta":{"ngg_post_thumbnail":0},"categories":[1],"tags":[],"_links":{"self":[{"href":"http:\/\/sportjudo.cz\/index.php?rest_route=\/wp\/v2\/posts\/1516"}],"collection":[{"href":"http:\/\/sportjudo.cz\/index.php?rest_route=\/wp\/v2\/posts"}],"about":[{"href":"http:\/\/sportjudo.cz\/index.php?rest_route=\/wp\/v2\/types\/post"}],"author":[{"embeddable":true,"href":"http:\/\/sportjudo.cz\/index.php?rest_route=\/wp\/v2\/users\/1"}],"replies":[{"embeddable":true,"href":"http:\/\/sportjudo.cz\/index.php?rest_route=%2Fwp%2Fv2%2Fcomments&post=1516"}],"version-history":[{"count":1,"href":"http:\/\/sportjudo.cz\/index.php?rest_route=\/wp\/v2\/posts\/1516\/revisions"}],"predecessor-version":[{"id":1519,"href":"http:\/\/sportjudo.cz\/index.php?rest_route=\/wp\/v2\/posts\/1516\/revisions\/1519"}],"wp:featuredmedia":[{"embeddable":true,"href":"http:\/\/sportjudo.cz\/index.php?rest_route=\/wp\/v2\/media\/1518"}],"wp:attachment":[{"href":"http:\/\/sportjudo.cz\/index.php?rest_route=%2Fwp%2Fv2%2Fmedia&parent=1516"}],"wp:term":[{"taxonomy":"category","embeddable":true,"href":"http:\/\/sportjudo.cz\/index.php?rest_route=%2Fwp%2Fv2%2Fcategories&post=1516"},{"taxonomy":"post_tag","embeddable":true,"href":"http:\/\/sportjudo.cz\/index.php?rest_route=%2Fwp%2Fv2%2Ftags&post=1516"}],"curies":[{"name":"wp","href":"https:\/\/api.w.org\/{rel}","templated":true}]}}