{"id":1523,"date":"2021-03-23T08:17:18","date_gmt":"2021-03-23T07:17:18","guid":{"rendered":"http:\/\/sportjudo.cz\/?p=1523"},"modified":"2021-04-23T08:19:41","modified_gmt":"2021-04-23T06:19:41","slug":"kemp-na-slovensku-11-21-3-2021","status":"publish","type":"post","link":"http:\/\/sportjudo.cz\/?p=1523","title":{"rendered":"Kemp na Slovensku &#8211; 11.-21.3.2021"},"content":{"rendered":"<div>VT \u0160amor\u00edn (SVK)<\/div>\n<div>\n<aside>Dorostenci i junio\u0159i na\u0161eho odd\u00edlu se spole\u010dn\u011b s dorosteneckou a juniorskou reprezentac\u00ed kone\u010dn\u011b do\u010dkali plnohodnotn\u00e9ho tr\u00e9ninku v kimonu ve slovensk\u00e9m \u0160amor\u00edn\u011b. V p\u016fli kempu je\u0161t\u011b dorazila mu\u017esk\u00e1 reprezentace.<\/aside>\n<aside>Sestava: Daniel Bayer, \u0160t\u011bp\u00e1nka Hojdarov\u00e1, Luk\u00e1\u0161 R\u00fa\u017ea, V\u00e1clav Nov\u00e1\u010dek a Jan Svoboda.<\/aside>\n<aside>Tren\u00e9r: V\u00e1clav \u010cerv\u00edn<\/aside>\n<aside><img loading=\"lazy\" class=\"alignnone size-full wp-image-1524\" src=\"http:\/\/sportjudo.cz\/wp-content\/uploads\/2021\/04\/IMG_20210313_162004-scaled.jpg\" alt=\"\" width=\"1445\" height=\"2560\" srcset=\"http:\/\/sportjudo.cz\/wp-content\/uploads\/2021\/04\/IMG_20210313_162004-scaled.jpg 1445w, http:\/\/sportjudo.cz\/wp-content\/uploads\/2021\/04\/IMG_20210313_162004-169x300.jpg 169w, http:\/\/sportjudo.cz\/wp-content\/uploads\/2021\/04\/IMG_20210313_162004-578x1024.jpg 578w, http:\/\/sportjudo.cz\/wp-content\/uploads\/2021\/04\/IMG_20210313_162004-768x1360.jpg 768w, http:\/\/sportjudo.cz\/wp-content\/uploads\/2021\/04\/IMG_20210313_162004-867x1536.jpg 867w, http:\/\/sportjudo.cz\/wp-content\/uploads\/2021\/04\/IMG_20210313_162004-1156x2048.jpg 1156w\" sizes=\"(max-width: 1445px) 100vw, 1445px\" \/><\/p>\n<div id=\"attachment_1525\" style=\"width: 2570px\" class=\"wp-caption alignnone\"><img aria-describedby=\"caption-attachment-1525\" loading=\"lazy\" class=\"size-full wp-image-1525\" src=\"http:\/\/sportjudo.cz\/wp-content\/uploads\/2021\/04\/IMG_20210313_135641-scaled.jpg\" alt=\"\" width=\"2560\" height=\"1822\" srcset=\"http:\/\/sportjudo.cz\/wp-content\/uploads\/2021\/04\/IMG_20210313_135641-scaled.jpg 2560w, http:\/\/sportjudo.cz\/wp-content\/uploads\/2021\/04\/IMG_20210313_135641-300x214.jpg 300w, http:\/\/sportjudo.cz\/wp-content\/uploads\/2021\/04\/IMG_20210313_135641-1024x729.jpg 1024w, http:\/\/sportjudo.cz\/wp-content\/uploads\/2021\/04\/IMG_20210313_135641-768x547.jpg 768w, http:\/\/sportjudo.cz\/wp-content\/uploads\/2021\/04\/IMG_20210313_135641-1536x1093.jpg 1536w, http:\/\/sportjudo.cz\/wp-content\/uploads\/2021\/04\/IMG_20210313_135641-2048x1458.jpg 2048w\" sizes=\"(max-width: 2560px) 100vw, 2560px\" \/><p id=\"caption-attachment-1525\" class=\"wp-caption-text\">dav<\/p><\/div>\n<\/aside>\n<\/div>\n","protected":false},"excerpt":{"rendered":"<p>VT \u0160amor\u00edn (SVK) Dorostenci i junio\u0159i na\u0161eho odd\u00edlu se spole\u010dn\u011b s dorosteneckou a juniorskou reprezentac\u00ed kone\u010dn\u011b do\u010dkali plnohodnotn\u00e9ho tr\u00e9ninku v kimonu ve slovensk\u00e9m \u0160amor\u00edn\u011b. V p\u016fli kempu je\u0161t\u011b dorazila mu\u017esk\u00e1 reprezentace. Sestava: Daniel Bayer, \u0160t\u011bp\u00e1nka Hojdarov\u00e1, Luk\u00e1\u0161 R\u00fa\u017ea, V\u00e1clav Nov\u00e1\u010dek a Jan Svoboda. Tren\u00e9r: V\u00e1clav \u010cerv\u00edn<\/p>\n","protected":false},"author":1,"featured_media":1525,"comment_status":"closed","ping_status":"open","sticky":false,"template":"","format":"standard","meta":{"ngg_post_thumbnail":0},"categories":[1],"tags":[],"_links":{"self":[{"href":"http:\/\/sportjudo.cz\/index.php?rest_route=\/wp\/v2\/posts\/1523"}],"collection":[{"href":"http:\/\/sportjudo.cz\/index.php?rest_route=\/wp\/v2\/posts"}],"about":[{"href":"http:\/\/sportjudo.cz\/index.php?rest_route=\/wp\/v2\/types\/post"}],"author":[{"embeddable":true,"href":"http:\/\/sportjudo.cz\/index.php?rest_route=\/wp\/v2\/users\/1"}],"replies":[{"embeddable":true,"href":"http:\/\/sportjudo.cz\/index.php?rest_route=%2Fwp%2Fv2%2Fcomments&post=1523"}],"version-history":[{"count":1,"href":"http:\/\/sportjudo.cz\/index.php?rest_route=\/wp\/v2\/posts\/1523\/revisions"}],"predecessor-version":[{"id":1526,"href":"http:\/\/sportjudo.cz\/index.php?rest_route=\/wp\/v2\/posts\/1523\/revisions\/1526"}],"wp:featuredmedia":[{"embeddable":true,"href":"http:\/\/sportjudo.cz\/index.php?rest_route=\/wp\/v2\/media\/1525"}],"wp:attachment":[{"href":"http:\/\/sportjudo.cz\/index.php?rest_route=%2Fwp%2Fv2%2Fmedia&parent=1523"}],"wp:term":[{"taxonomy":"category","embeddable":true,"href":"http:\/\/sportjudo.cz\/index.php?rest_route=%2Fwp%2Fv2%2Fcategories&post=1523"},{"taxonomy":"post_tag","embeddable":true,"href":"http:\/\/sportjudo.cz\/index.php?rest_route=%2Fwp%2Fv2%2Ftags&post=1523"}],"curies":[{"name":"wp","href":"https:\/\/api.w.org\/{rel}","templated":true}]}}