{"id":1533,"date":"2021-04-23T08:25:25","date_gmt":"2021-04-23T06:25:25","guid":{"rendered":"http:\/\/sportjudo.cz\/?p=1533"},"modified":"2021-04-23T08:25:25","modified_gmt":"2021-04-23T06:25:25","slug":"grand-slam-turecko","status":"publish","type":"post","link":"http:\/\/sportjudo.cz\/?p=1533","title":{"rendered":"Grand Slam Turecko"},"content":{"rendered":"<p>Jan Svoboda se z\u00fa\u010dastnil doposud nejv\u011bt\u0161\u00edho turnaje ve sv\u00e9 z\u00e1vodn\u00ed kari\u00e9\u0159e. Se seniorskou reprezentac\u00ed odlet\u011bl na Grand Slam do Turecka. Los mu p\u0159\u00edli\u0161 nep\u0159\u00e1l. Nad\u011blil mu olympijsk\u00e9ho v\u00edt\u011bze Fabia Basileho z It\u00e1lie. Do utk\u00e1n\u00ed vstoupil bez respektu a dokonce vedl&nbsp; na trest shido. V\u00fdhodu bohu\u017eel dlouho neudr\u017eel a nakonec s borcem s It\u00e1lie prohr\u00e1l. Basile nakonec cel\u00fd turnaj vyhr\u00e1l.<\/p>\n<p><img loading=\"lazy\" class=\"alignnone size-full wp-image-1534\" src=\"http:\/\/sportjudo.cz\/wp-content\/uploads\/2021\/04\/09a5067f-b96a-4986-9c56-bef26617cfd6.jpg\" alt=\"\" width=\"768\" height=\"1024\" srcset=\"http:\/\/sportjudo.cz\/wp-content\/uploads\/2021\/04\/09a5067f-b96a-4986-9c56-bef26617cfd6.jpg 768w, http:\/\/sportjudo.cz\/wp-content\/uploads\/2021\/04\/09a5067f-b96a-4986-9c56-bef26617cfd6-225x300.jpg 225w\" sizes=\"(max-width: 768px) 100vw, 768px\" \/><\/p>\n","protected":false},"excerpt":{"rendered":"<p>Jan Svoboda se z\u00fa\u010dastnil doposud nejv\u011bt\u0161\u00edho turnaje ve sv\u00e9 z\u00e1vodn\u00ed kari\u00e9\u0159e. Se seniorskou reprezentac\u00ed odlet\u011bl na Grand Slam do Turecka. Los mu p\u0159\u00edli\u0161 nep\u0159\u00e1l. Nad\u011blil mu olympijsk\u00e9ho v\u00edt\u011bze Fabia Basileho z It\u00e1lie. Do utk\u00e1n\u00ed vstoupil bez respektu a dokonce vedl&nbsp; na trest shido. V\u00fdhodu bohu\u017eel dlouho neudr\u017eel a nakonec s borcem s It\u00e1lie prohr\u00e1l. Basile&hellip;<\/p>\n","protected":false},"author":1,"featured_media":1534,"comment_status":"closed","ping_status":"open","sticky":false,"template":"","format":"standard","meta":{"ngg_post_thumbnail":0},"categories":[1],"tags":[],"_links":{"self":[{"href":"http:\/\/sportjudo.cz\/index.php?rest_route=\/wp\/v2\/posts\/1533"}],"collection":[{"href":"http:\/\/sportjudo.cz\/index.php?rest_route=\/wp\/v2\/posts"}],"about":[{"href":"http:\/\/sportjudo.cz\/index.php?rest_route=\/wp\/v2\/types\/post"}],"author":[{"embeddable":true,"href":"http:\/\/sportjudo.cz\/index.php?rest_route=\/wp\/v2\/users\/1"}],"replies":[{"embeddable":true,"href":"http:\/\/sportjudo.cz\/index.php?rest_route=%2Fwp%2Fv2%2Fcomments&post=1533"}],"version-history":[{"count":1,"href":"http:\/\/sportjudo.cz\/index.php?rest_route=\/wp\/v2\/posts\/1533\/revisions"}],"predecessor-version":[{"id":1535,"href":"http:\/\/sportjudo.cz\/index.php?rest_route=\/wp\/v2\/posts\/1533\/revisions\/1535"}],"wp:featuredmedia":[{"embeddable":true,"href":"http:\/\/sportjudo.cz\/index.php?rest_route=\/wp\/v2\/media\/1534"}],"wp:attachment":[{"href":"http:\/\/sportjudo.cz\/index.php?rest_route=%2Fwp%2Fv2%2Fmedia&parent=1533"}],"wp:term":[{"taxonomy":"category","embeddable":true,"href":"http:\/\/sportjudo.cz\/index.php?rest_route=%2Fwp%2Fv2%2Fcategories&post=1533"},{"taxonomy":"post_tag","embeddable":true,"href":"http:\/\/sportjudo.cz\/index.php?rest_route=%2Fwp%2Fv2%2Ftags&post=1533"}],"curies":[{"name":"wp","href":"https:\/\/api.w.org\/{rel}","templated":true}]}}