{"id":1555,"date":"2021-05-31T23:39:35","date_gmt":"2021-05-31T21:39:35","guid":{"rendered":"http:\/\/sportjudo.cz\/?p=1555"},"modified":"2021-06-23T08:25:48","modified_gmt":"2021-06-23T06:25:48","slug":"stribro-z-coimbry-veze-stepka-hojdarova","status":"publish","type":"post","link":"http:\/\/sportjudo.cz\/?p=1555","title":{"rendered":"St\u0159\u00edbro z Coimbry veze \u0160t\u011bpka Hojdarov\u00e1!!!"},"content":{"rendered":"<p><strong>Prvn\u00ed start v sez\u00f3n<\/strong><strong>\u011b<\/strong><strong> a tak\u00e9 poprv\u00e9 v kategorii dorostu (U18) se \u0160t<\/strong><strong>\u011b<\/strong><strong>p\u00e1nce vyda<\/strong><strong>\u0159<\/strong><strong>il na v\u00fdbornou. Na mezin\u00e1rodn\u00edm turnaji v Portugalsku na\u0161e z\u00e1vodnice 4x zv\u00edt<\/strong><strong>\u011b<\/strong><strong>zila a prohru utr\u017eila a\u017e ve fin\u00e1le s velmi silnou dom\u00e1c\u00ed z\u00e1vodnic\u00ed. GRATULUJEME ke skv<\/strong><strong>\u011b<\/strong><strong>l\u00e9mu v\u00fdsledku.<\/strong><\/p>\n<p><img loading=\"lazy\" class=\"alignnone size-full wp-image-1561\" src=\"http:\/\/sportjudo.cz\/wp-content\/uploads\/2021\/05\/PHOTO-2021-06-01-07-28-24.jpg\" alt=\"\" width=\"1600\" height=\"1200\" srcset=\"http:\/\/sportjudo.cz\/wp-content\/uploads\/2021\/05\/PHOTO-2021-06-01-07-28-24.jpg 1600w, http:\/\/sportjudo.cz\/wp-content\/uploads\/2021\/05\/PHOTO-2021-06-01-07-28-24-300x225.jpg 300w, http:\/\/sportjudo.cz\/wp-content\/uploads\/2021\/05\/PHOTO-2021-06-01-07-28-24-1024x768.jpg 1024w, http:\/\/sportjudo.cz\/wp-content\/uploads\/2021\/05\/PHOTO-2021-06-01-07-28-24-768x576.jpg 768w, http:\/\/sportjudo.cz\/wp-content\/uploads\/2021\/05\/PHOTO-2021-06-01-07-28-24-1536x1152.jpg 1536w\" sizes=\"(max-width: 1600px) 100vw, 1600px\" \/> <img loading=\"lazy\" class=\"alignnone size-full wp-image-1562\" src=\"http:\/\/sportjudo.cz\/wp-content\/uploads\/2021\/05\/PHOTO-2021-06-01-07-28-15.jpg\" alt=\"\" width=\"1091\" height=\"1534\" srcset=\"http:\/\/sportjudo.cz\/wp-content\/uploads\/2021\/05\/PHOTO-2021-06-01-07-28-15.jpg 1091w, http:\/\/sportjudo.cz\/wp-content\/uploads\/2021\/05\/PHOTO-2021-06-01-07-28-15-213x300.jpg 213w, http:\/\/sportjudo.cz\/wp-content\/uploads\/2021\/05\/PHOTO-2021-06-01-07-28-15-728x1024.jpg 728w, http:\/\/sportjudo.cz\/wp-content\/uploads\/2021\/05\/PHOTO-2021-06-01-07-28-15-768x1080.jpg 768w\" sizes=\"(max-width: 1091px) 100vw, 1091px\" \/><\/p>\n","protected":false},"excerpt":{"rendered":"<p>Prvn\u00ed start v sez\u00f3n\u011b a tak\u00e9 poprv\u00e9 v kategorii dorostu (U18) se \u0160t\u011bp\u00e1nce vyda\u0159il na v\u00fdbornou. Na mezin\u00e1rodn\u00edm turnaji v Portugalsku na\u0161e z\u00e1vodnice 4x zv\u00edt\u011bzila a prohru utr\u017eila a\u017e ve fin\u00e1le s velmi silnou dom\u00e1c\u00ed z\u00e1vodnic\u00ed. GRATULUJEME ke skv\u011bl\u00e9mu v\u00fdsledku.<\/p>\n","protected":false},"author":1,"featured_media":1562,"comment_status":"closed","ping_status":"open","sticky":false,"template":"","format":"standard","meta":{"ngg_post_thumbnail":0},"categories":[1],"tags":[],"_links":{"self":[{"href":"http:\/\/sportjudo.cz\/index.php?rest_route=\/wp\/v2\/posts\/1555"}],"collection":[{"href":"http:\/\/sportjudo.cz\/index.php?rest_route=\/wp\/v2\/posts"}],"about":[{"href":"http:\/\/sportjudo.cz\/index.php?rest_route=\/wp\/v2\/types\/post"}],"author":[{"embeddable":true,"href":"http:\/\/sportjudo.cz\/index.php?rest_route=\/wp\/v2\/users\/1"}],"replies":[{"embeddable":true,"href":"http:\/\/sportjudo.cz\/index.php?rest_route=%2Fwp%2Fv2%2Fcomments&post=1555"}],"version-history":[{"count":3,"href":"http:\/\/sportjudo.cz\/index.php?rest_route=\/wp\/v2\/posts\/1555\/revisions"}],"predecessor-version":[{"id":1563,"href":"http:\/\/sportjudo.cz\/index.php?rest_route=\/wp\/v2\/posts\/1555\/revisions\/1563"}],"wp:featuredmedia":[{"embeddable":true,"href":"http:\/\/sportjudo.cz\/index.php?rest_route=\/wp\/v2\/media\/1562"}],"wp:attachment":[{"href":"http:\/\/sportjudo.cz\/index.php?rest_route=%2Fwp%2Fv2%2Fmedia&parent=1555"}],"wp:term":[{"taxonomy":"category","embeddable":true,"href":"http:\/\/sportjudo.cz\/index.php?rest_route=%2Fwp%2Fv2%2Fcategories&post=1555"},{"taxonomy":"post_tag","embeddable":true,"href":"http:\/\/sportjudo.cz\/index.php?rest_route=%2Fwp%2Fv2%2Ftags&post=1555"}],"curies":[{"name":"wp","href":"https:\/\/api.w.org\/{rel}","templated":true}]}}