{"id":1564,"date":"2021-06-24T13:07:59","date_gmt":"2021-06-24T11:07:59","guid":{"rendered":"http:\/\/sportjudo.cz\/?p=1564"},"modified":"2021-06-24T13:18:40","modified_gmt":"2021-06-24T11:18:40","slug":"evropsky-pohar-v-poreci","status":"publish","type":"post","link":"http:\/\/sportjudo.cz\/?p=1564","title":{"rendered":"Evropsk\u00fd poh\u00e1r v Pore\u010di"},"content":{"rendered":"<p>Po dlouh\u00e9 covidov\u00e9 pauze startovali dva z\u00e1stupci na\u0161eho odd\u00edlu s dorosteneckou reprezentac\u00ed na Evropsk\u00e9m poh\u00e1ru v chorvatsk\u00e9 Pore\u010di. Na bodovan\u00e9m sedm\u00e9m m\u00edst\u011b skon\u010dila ve v\u00e1ze do 70 kg \u0160t\u011bp\u00e1nka Hojdarov\u00e1. Dev\u00e1t\u00e9 m\u00edsto p\u0159idal ve v\u00e1ze do 50 kg Luk\u00e1\u0161 R\u00fa\u017ea. Z\u00edskali tak prvn\u00ed body do sv\u011btov\u00e9ho \u017eeb\u0159\u00ed\u010dku.<\/p>\n<p><img loading=\"lazy\" class=\"alignnone size-full wp-image-1565\" src=\"http:\/\/sportjudo.cz\/wp-content\/uploads\/2021\/06\/CRO2-213469-scaled.jpg\" alt=\"\" width=\"2560\" height=\"1920\" srcset=\"http:\/\/sportjudo.cz\/wp-content\/uploads\/2021\/06\/CRO2-213469-scaled.jpg 2560w, http:\/\/sportjudo.cz\/wp-content\/uploads\/2021\/06\/CRO2-213469-300x225.jpg 300w, http:\/\/sportjudo.cz\/wp-content\/uploads\/2021\/06\/CRO2-213469-1024x768.jpg 1024w, http:\/\/sportjudo.cz\/wp-content\/uploads\/2021\/06\/CRO2-213469-768x576.jpg 768w, http:\/\/sportjudo.cz\/wp-content\/uploads\/2021\/06\/CRO2-213469-1536x1152.jpg 1536w, http:\/\/sportjudo.cz\/wp-content\/uploads\/2021\/06\/CRO2-213469-2048x1536.jpg 2048w\" sizes=\"(max-width: 2560px) 100vw, 2560px\" \/> <img loading=\"lazy\" class=\"alignnone size-full wp-image-1566\" src=\"http:\/\/sportjudo.cz\/wp-content\/uploads\/2021\/06\/CRO2-113468-scaled.jpg\" alt=\"\" width=\"2560\" height=\"1920\" srcset=\"http:\/\/sportjudo.cz\/wp-content\/uploads\/2021\/06\/CRO2-113468-scaled.jpg 2560w, http:\/\/sportjudo.cz\/wp-content\/uploads\/2021\/06\/CRO2-113468-300x225.jpg 300w, http:\/\/sportjudo.cz\/wp-content\/uploads\/2021\/06\/CRO2-113468-1024x768.jpg 1024w, http:\/\/sportjudo.cz\/wp-content\/uploads\/2021\/06\/CRO2-113468-768x576.jpg 768w, http:\/\/sportjudo.cz\/wp-content\/uploads\/2021\/06\/CRO2-113468-1536x1152.jpg 1536w, http:\/\/sportjudo.cz\/wp-content\/uploads\/2021\/06\/CRO2-113468-2048x1536.jpg 2048w\" sizes=\"(max-width: 2560px) 100vw, 2560px\" \/><\/p>\n","protected":false},"excerpt":{"rendered":"<p>Po dlouh\u00e9 covidov\u00e9 pauze startovali dva z\u00e1stupci na\u0161eho odd\u00edlu s dorosteneckou reprezentac\u00ed na Evropsk\u00e9m poh\u00e1ru v chorvatsk\u00e9 Pore\u010di. Na bodovan\u00e9m sedm\u00e9m m\u00edst\u011b skon\u010dila ve v\u00e1ze do 70 kg \u0160t\u011bp\u00e1nka Hojdarov\u00e1. Dev\u00e1t\u00e9 m\u00edsto p\u0159idal ve v\u00e1ze do 50 kg Luk\u00e1\u0161 R\u00fa\u017ea. Z\u00edskali tak prvn\u00ed body do sv\u011btov\u00e9ho \u017eeb\u0159\u00ed\u010dku.<\/p>\n","protected":false},"author":1,"featured_media":1566,"comment_status":"closed","ping_status":"open","sticky":false,"template":"","format":"standard","meta":{"ngg_post_thumbnail":0},"categories":[1],"tags":[],"_links":{"self":[{"href":"http:\/\/sportjudo.cz\/index.php?rest_route=\/wp\/v2\/posts\/1564"}],"collection":[{"href":"http:\/\/sportjudo.cz\/index.php?rest_route=\/wp\/v2\/posts"}],"about":[{"href":"http:\/\/sportjudo.cz\/index.php?rest_route=\/wp\/v2\/types\/post"}],"author":[{"embeddable":true,"href":"http:\/\/sportjudo.cz\/index.php?rest_route=\/wp\/v2\/users\/1"}],"replies":[{"embeddable":true,"href":"http:\/\/sportjudo.cz\/index.php?rest_route=%2Fwp%2Fv2%2Fcomments&post=1564"}],"version-history":[{"count":2,"href":"http:\/\/sportjudo.cz\/index.php?rest_route=\/wp\/v2\/posts\/1564\/revisions"}],"predecessor-version":[{"id":1572,"href":"http:\/\/sportjudo.cz\/index.php?rest_route=\/wp\/v2\/posts\/1564\/revisions\/1572"}],"wp:featuredmedia":[{"embeddable":true,"href":"http:\/\/sportjudo.cz\/index.php?rest_route=\/wp\/v2\/media\/1566"}],"wp:attachment":[{"href":"http:\/\/sportjudo.cz\/index.php?rest_route=%2Fwp%2Fv2%2Fmedia&parent=1564"}],"wp:term":[{"taxonomy":"category","embeddable":true,"href":"http:\/\/sportjudo.cz\/index.php?rest_route=%2Fwp%2Fv2%2Fcategories&post=1564"},{"taxonomy":"post_tag","embeddable":true,"href":"http:\/\/sportjudo.cz\/index.php?rest_route=%2Fwp%2Fv2%2Ftags&post=1564"}],"curies":[{"name":"wp","href":"https:\/\/api.w.org\/{rel}","templated":true}]}}