{"id":1617,"date":"2022-08-21T13:38:50","date_gmt":"2022-08-21T11:38:50","guid":{"rendered":"http:\/\/sportjudo.cz\/?p=1617"},"modified":"2022-08-21T22:01:40","modified_gmt":"2022-08-21T20:01:40","slug":"letni-soustredeni-terezin","status":"publish","type":"post","link":"http:\/\/sportjudo.cz\/?p=1617","title":{"rendered":"Letn\u00ed soust\u0159ed\u011bn\u00ed Terez\u00edn"},"content":{"rendered":"<p>&nbsp;<\/p>\n<p><!-- index.php -->\n<div\n\tclass=\"ngg-galleryoverview\"\n\tid=\"ngg-gallery-565fde08361539ececb7b2e6f8b840bc-1\">\n\n    \t\t<!-- Thumbnails -->\n\t\t\t\t<div id=\"ngg-image-0\" class=\"ngg-gallery-thumbnail-box\" >\n\t\t\t\t        <div class=\"ngg-gallery-thumbnail\">\n            <a href=\"http:\/\/sportjudo.cz\/vt-terezin-2022_pripravka\/1.JPG\"\n               title=\"\"\n               data-src=\"http:\/\/sportjudo.cz\/vt-terezin-2022_pripravka\/1.JPG\"\n               data-thumbnail=\"http:\/\/sportjudo.cz\/vt-terezin-2022_pripravka\/thumbs\/thumbs_1.JPG\"\n               data-image-id=\"191\"\n               data-title=\"1\"\n               data-description=\"\"\n               data-image-slug=\"1\"\n               class='use_imagebrowser_effect' data-imagebrowser-url='http:\/\/sportjudo.cz\/index.php\/nggallery\/image\/%STUB%?p=1617'>\n                <img\n                    title=\"1\"\n                    alt=\"1\"\n                    src=\"http:\/\/sportjudo.cz\/vt-terezin-2022_pripravka\/thumbs\/thumbs_1.JPG\"\n                    width=\"240\"\n                    height=\"160\"\n                    style=\"max-width:100%;\"\n                \/>\n            <\/a>\n        <\/div>\n\t\t\t\t\t\t\t<\/div> \n\t\t\t\n        \n\t\t\t\t<div id=\"ngg-image-1\" class=\"ngg-gallery-thumbnail-box\" >\n\t\t\t\t        <div class=\"ngg-gallery-thumbnail\">\n            <a href=\"http:\/\/sportjudo.cz\/vt-terezin-2022_pripravka\/2.JPG\"\n               title=\"\"\n               data-src=\"http:\/\/sportjudo.cz\/vt-terezin-2022_pripravka\/2.JPG\"\n               data-thumbnail=\"http:\/\/sportjudo.cz\/vt-terezin-2022_pripravka\/thumbs\/thumbs_2.JPG\"\n               data-image-id=\"192\"\n               data-title=\"2\"\n               data-description=\"\"\n               data-image-slug=\"2\"\n               class='use_imagebrowser_effect' data-imagebrowser-url='http:\/\/sportjudo.cz\/index.php\/nggallery\/image\/%STUB%?p=1617'>\n                <img\n                    title=\"2\"\n                    alt=\"2\"\n                    src=\"http:\/\/sportjudo.cz\/vt-terezin-2022_pripravka\/thumbs\/thumbs_2.JPG\"\n                    width=\"240\"\n                    height=\"160\"\n                    style=\"max-width:100%;\"\n                \/>\n            <\/a>\n        <\/div>\n\t\t\t\t\t\t\t<\/div> \n\t\t\t\n        \n\t\t\t\t<div id=\"ngg-image-2\" class=\"ngg-gallery-thumbnail-box\" >\n\t\t\t\t        <div class=\"ngg-gallery-thumbnail\">\n            <a href=\"http:\/\/sportjudo.cz\/vt-terezin-2022_pripravka\/3.JPG\"\n               title=\"\"\n               data-src=\"http:\/\/sportjudo.cz\/vt-terezin-2022_pripravka\/3.JPG\"\n               data-thumbnail=\"http:\/\/sportjudo.cz\/vt-terezin-2022_pripravka\/thumbs\/thumbs_3.JPG\"\n               data-image-id=\"193\"\n               data-title=\"3\"\n               data-description=\"\"\n               data-image-slug=\"3\"\n               class='use_imagebrowser_effect' data-imagebrowser-url='http:\/\/sportjudo.cz\/index.php\/nggallery\/image\/%STUB%?p=1617'>\n                <img\n                    title=\"3\"\n                    alt=\"3\"\n                    src=\"http:\/\/sportjudo.cz\/vt-terezin-2022_pripravka\/thumbs\/thumbs_3.JPG\"\n                    width=\"240\"\n                    height=\"160\"\n                    style=\"max-width:100%;\"\n                \/>\n            <\/a>\n        <\/div>\n\t\t\t\t\t\t\t<\/div> \n\t\t\t\n        \n\t\t\t\t<div id=\"ngg-image-3\" class=\"ngg-gallery-thumbnail-box\" >\n\t\t\t\t        <div class=\"ngg-gallery-thumbnail\">\n            <a href=\"http:\/\/sportjudo.cz\/vt-terezin-2022_pripravka\/4.JPG\"\n               title=\"\"\n               data-src=\"http:\/\/sportjudo.cz\/vt-terezin-2022_pripravka\/4.JPG\"\n               data-thumbnail=\"http:\/\/sportjudo.cz\/vt-terezin-2022_pripravka\/thumbs\/thumbs_4.JPG\"\n               data-image-id=\"194\"\n               data-title=\"4\"\n               data-description=\"\"\n               data-image-slug=\"4\"\n               class='use_imagebrowser_effect' data-imagebrowser-url='http:\/\/sportjudo.cz\/index.php\/nggallery\/image\/%STUB%?p=1617'>\n                <img\n                    title=\"4\"\n                    alt=\"4\"\n                    src=\"http:\/\/sportjudo.cz\/vt-terezin-2022_pripravka\/thumbs\/thumbs_4.JPG\"\n                    width=\"240\"\n                    height=\"160\"\n                    style=\"max-width:100%;\"\n                \/>\n            <\/a>\n        <\/div>\n\t\t\t\t\t\t\t<\/div> \n\t\t\t\n        \n\t\t\t\t<div id=\"ngg-image-4\" class=\"ngg-gallery-thumbnail-box\" >\n\t\t\t\t        <div class=\"ngg-gallery-thumbnail\">\n            <a href=\"http:\/\/sportjudo.cz\/vt-terezin-2022_pripravka\/5.JPG\"\n               title=\"\"\n               data-src=\"http:\/\/sportjudo.cz\/vt-terezin-2022_pripravka\/5.JPG\"\n               data-thumbnail=\"http:\/\/sportjudo.cz\/vt-terezin-2022_pripravka\/thumbs\/thumbs_5.JPG\"\n               data-image-id=\"195\"\n               data-title=\"5\"\n               data-description=\"\"\n               data-image-slug=\"5\"\n               class='use_imagebrowser_effect' data-imagebrowser-url='http:\/\/sportjudo.cz\/index.php\/nggallery\/image\/%STUB%?p=1617'>\n                <img\n                    title=\"5\"\n                    alt=\"5\"\n                    src=\"http:\/\/sportjudo.cz\/vt-terezin-2022_pripravka\/thumbs\/thumbs_5.JPG\"\n                    width=\"240\"\n                    height=\"160\"\n                    style=\"max-width:100%;\"\n                \/>\n            <\/a>\n        <\/div>\n\t\t\t\t\t\t\t<\/div> \n\t\t\t\n        \n\t\t\t\t<div id=\"ngg-image-5\" class=\"ngg-gallery-thumbnail-box\" >\n\t\t\t\t        <div class=\"ngg-gallery-thumbnail\">\n            <a href=\"http:\/\/sportjudo.cz\/vt-terezin-2022_pripravka\/6.JPG\"\n               title=\"\"\n               data-src=\"http:\/\/sportjudo.cz\/vt-terezin-2022_pripravka\/6.JPG\"\n               data-thumbnail=\"http:\/\/sportjudo.cz\/vt-terezin-2022_pripravka\/thumbs\/thumbs_6.JPG\"\n               data-image-id=\"196\"\n               data-title=\"6\"\n               data-description=\"\"\n               data-image-slug=\"6\"\n               class='use_imagebrowser_effect' data-imagebrowser-url='http:\/\/sportjudo.cz\/index.php\/nggallery\/image\/%STUB%?p=1617'>\n                <img\n                    title=\"6\"\n                    alt=\"6\"\n                    src=\"http:\/\/sportjudo.cz\/vt-terezin-2022_pripravka\/thumbs\/thumbs_6.JPG\"\n                    width=\"240\"\n                    height=\"160\"\n                    style=\"max-width:100%;\"\n                \/>\n            <\/a>\n        <\/div>\n\t\t\t\t\t\t\t<\/div> \n\t\t\t\n        \n\t\t\t\t<div id=\"ngg-image-6\" class=\"ngg-gallery-thumbnail-box\" >\n\t\t\t\t        <div class=\"ngg-gallery-thumbnail\">\n            <a href=\"http:\/\/sportjudo.cz\/vt-terezin-2022_pripravka\/7.JPG\"\n               title=\"\"\n               data-src=\"http:\/\/sportjudo.cz\/vt-terezin-2022_pripravka\/7.JPG\"\n               data-thumbnail=\"http:\/\/sportjudo.cz\/vt-terezin-2022_pripravka\/thumbs\/thumbs_7.JPG\"\n               data-image-id=\"197\"\n               data-title=\"7\"\n               data-description=\"\"\n               data-image-slug=\"7\"\n               class='use_imagebrowser_effect' data-imagebrowser-url='http:\/\/sportjudo.cz\/index.php\/nggallery\/image\/%STUB%?p=1617'>\n                <img\n                    title=\"7\"\n                    alt=\"7\"\n                    src=\"http:\/\/sportjudo.cz\/vt-terezin-2022_pripravka\/thumbs\/thumbs_7.JPG\"\n                    width=\"240\"\n                    height=\"160\"\n                    style=\"max-width:100%;\"\n                \/>\n            <\/a>\n        <\/div>\n\t\t\t\t\t\t\t<\/div> \n\t\t\t\n        \n\t\t\t\t<div id=\"ngg-image-7\" class=\"ngg-gallery-thumbnail-box\" >\n\t\t\t\t        <div class=\"ngg-gallery-thumbnail\">\n            <a href=\"http:\/\/sportjudo.cz\/vt-terezin-2022_pripravka\/8.JPG\"\n               title=\"\"\n               data-src=\"http:\/\/sportjudo.cz\/vt-terezin-2022_pripravka\/8.JPG\"\n               data-thumbnail=\"http:\/\/sportjudo.cz\/vt-terezin-2022_pripravka\/thumbs\/thumbs_8.JPG\"\n               data-image-id=\"198\"\n               data-title=\"8\"\n               data-description=\"\"\n               data-image-slug=\"8\"\n               class='use_imagebrowser_effect' data-imagebrowser-url='http:\/\/sportjudo.cz\/index.php\/nggallery\/image\/%STUB%?p=1617'>\n                <img\n                    title=\"8\"\n                    alt=\"8\"\n                    src=\"http:\/\/sportjudo.cz\/vt-terezin-2022_pripravka\/thumbs\/thumbs_8.JPG\"\n                    width=\"240\"\n                    height=\"160\"\n                    style=\"max-width:100%;\"\n                \/>\n            <\/a>\n        <\/div>\n\t\t\t\t\t\t\t<\/div> \n\t\t\t\n        \n\t\t\t\t<div id=\"ngg-image-8\" class=\"ngg-gallery-thumbnail-box\" >\n\t\t\t\t        <div class=\"ngg-gallery-thumbnail\">\n            <a href=\"http:\/\/sportjudo.cz\/vt-terezin-2022_pripravka\/9.JPG\"\n               title=\"\"\n               data-src=\"http:\/\/sportjudo.cz\/vt-terezin-2022_pripravka\/9.JPG\"\n               data-thumbnail=\"http:\/\/sportjudo.cz\/vt-terezin-2022_pripravka\/thumbs\/thumbs_9.JPG\"\n               data-image-id=\"199\"\n               data-title=\"9\"\n               data-description=\"\"\n               data-image-slug=\"9\"\n               class='use_imagebrowser_effect' data-imagebrowser-url='http:\/\/sportjudo.cz\/index.php\/nggallery\/image\/%STUB%?p=1617'>\n                <img\n                    title=\"9\"\n                    alt=\"9\"\n                    src=\"http:\/\/sportjudo.cz\/vt-terezin-2022_pripravka\/thumbs\/thumbs_9.JPG\"\n                    width=\"240\"\n                    height=\"160\"\n                    style=\"max-width:100%;\"\n                \/>\n            <\/a>\n        <\/div>\n\t\t\t\t\t\t\t<\/div> \n\t\t\t\n        \n\t\t\t\t<div id=\"ngg-image-9\" class=\"ngg-gallery-thumbnail-box\" >\n\t\t\t\t        <div class=\"ngg-gallery-thumbnail\">\n            <a href=\"http:\/\/sportjudo.cz\/vt-terezin-2022_pripravka\/10.JPG\"\n               title=\"\"\n               data-src=\"http:\/\/sportjudo.cz\/vt-terezin-2022_pripravka\/10.JPG\"\n               data-thumbnail=\"http:\/\/sportjudo.cz\/vt-terezin-2022_pripravka\/thumbs\/thumbs_10.JPG\"\n               data-image-id=\"200\"\n               data-title=\"10\"\n               data-description=\"\"\n               data-image-slug=\"10\"\n               class='use_imagebrowser_effect' data-imagebrowser-url='http:\/\/sportjudo.cz\/index.php\/nggallery\/image\/%STUB%?p=1617'>\n                <img\n                    title=\"10\"\n                    alt=\"10\"\n                    src=\"http:\/\/sportjudo.cz\/vt-terezin-2022_pripravka\/thumbs\/thumbs_10.JPG\"\n                    width=\"240\"\n                    height=\"160\"\n                    style=\"max-width:100%;\"\n                \/>\n            <\/a>\n        <\/div>\n\t\t\t\t\t\t\t<\/div> \n\t\t\t\n        \n\t\t\t\t<div id=\"ngg-image-10\" class=\"ngg-gallery-thumbnail-box\" >\n\t\t\t\t        <div class=\"ngg-gallery-thumbnail\">\n            <a href=\"http:\/\/sportjudo.cz\/vt-terezin-2022_pripravka\/11.JPG\"\n               title=\"\"\n               data-src=\"http:\/\/sportjudo.cz\/vt-terezin-2022_pripravka\/11.JPG\"\n               data-thumbnail=\"http:\/\/sportjudo.cz\/vt-terezin-2022_pripravka\/thumbs\/thumbs_11.JPG\"\n               data-image-id=\"201\"\n               data-title=\"11\"\n               data-description=\"\"\n               data-image-slug=\"11\"\n               class='use_imagebrowser_effect' data-imagebrowser-url='http:\/\/sportjudo.cz\/index.php\/nggallery\/image\/%STUB%?p=1617'>\n                <img\n                    title=\"11\"\n                    alt=\"11\"\n                    src=\"http:\/\/sportjudo.cz\/vt-terezin-2022_pripravka\/thumbs\/thumbs_11.JPG\"\n                    width=\"240\"\n                    height=\"160\"\n                    style=\"max-width:100%;\"\n                \/>\n            <\/a>\n        <\/div>\n\t\t\t\t\t\t\t<\/div> \n\t\t\t\n        \n\t\t\t\t<div id=\"ngg-image-11\" class=\"ngg-gallery-thumbnail-box\" >\n\t\t\t\t        <div class=\"ngg-gallery-thumbnail\">\n            <a href=\"http:\/\/sportjudo.cz\/vt-terezin-2022_pripravka\/12.JPG\"\n               title=\"\"\n               data-src=\"http:\/\/sportjudo.cz\/vt-terezin-2022_pripravka\/12.JPG\"\n               data-thumbnail=\"http:\/\/sportjudo.cz\/vt-terezin-2022_pripravka\/thumbs\/thumbs_12.JPG\"\n               data-image-id=\"202\"\n               data-title=\"12\"\n               data-description=\"\"\n               data-image-slug=\"12\"\n               class='use_imagebrowser_effect' data-imagebrowser-url='http:\/\/sportjudo.cz\/index.php\/nggallery\/image\/%STUB%?p=1617'>\n                <img\n                    title=\"12\"\n                    alt=\"12\"\n                    src=\"http:\/\/sportjudo.cz\/vt-terezin-2022_pripravka\/thumbs\/thumbs_12.JPG\"\n                    width=\"240\"\n                    height=\"160\"\n                    style=\"max-width:100%;\"\n                \/>\n            <\/a>\n        <\/div>\n\t\t\t\t\t\t\t<\/div> \n\t\t\t\n        \n\t\t\t\t<div id=\"ngg-image-12\" class=\"ngg-gallery-thumbnail-box\" >\n\t\t\t\t        <div class=\"ngg-gallery-thumbnail\">\n            <a href=\"http:\/\/sportjudo.cz\/vt-terezin-2022_pripravka\/13.JPG\"\n               title=\"\"\n               data-src=\"http:\/\/sportjudo.cz\/vt-terezin-2022_pripravka\/13.JPG\"\n               data-thumbnail=\"http:\/\/sportjudo.cz\/vt-terezin-2022_pripravka\/thumbs\/thumbs_13.JPG\"\n               data-image-id=\"203\"\n               data-title=\"13\"\n               data-description=\"\"\n               data-image-slug=\"13\"\n               class='use_imagebrowser_effect' data-imagebrowser-url='http:\/\/sportjudo.cz\/index.php\/nggallery\/image\/%STUB%?p=1617'>\n                <img\n                    title=\"13\"\n                    alt=\"13\"\n                    src=\"http:\/\/sportjudo.cz\/vt-terezin-2022_pripravka\/thumbs\/thumbs_13.JPG\"\n                    width=\"240\"\n                    height=\"160\"\n                    style=\"max-width:100%;\"\n                \/>\n            <\/a>\n        <\/div>\n\t\t\t\t\t\t\t<\/div> \n\t\t\t\n        \n\t\t\t\t<div id=\"ngg-image-13\" class=\"ngg-gallery-thumbnail-box\" >\n\t\t\t\t        <div class=\"ngg-gallery-thumbnail\">\n            <a href=\"http:\/\/sportjudo.cz\/vt-terezin-2022_pripravka\/14.JPG\"\n               title=\"\"\n               data-src=\"http:\/\/sportjudo.cz\/vt-terezin-2022_pripravka\/14.JPG\"\n               data-thumbnail=\"http:\/\/sportjudo.cz\/vt-terezin-2022_pripravka\/thumbs\/thumbs_14.JPG\"\n               data-image-id=\"204\"\n               data-title=\"14\"\n               data-description=\"\"\n               data-image-slug=\"14\"\n               class='use_imagebrowser_effect' data-imagebrowser-url='http:\/\/sportjudo.cz\/index.php\/nggallery\/image\/%STUB%?p=1617'>\n                <img\n                    title=\"14\"\n                    alt=\"14\"\n                    src=\"http:\/\/sportjudo.cz\/vt-terezin-2022_pripravka\/thumbs\/thumbs_14.JPG\"\n                    width=\"240\"\n                    height=\"160\"\n                    style=\"max-width:100%;\"\n                \/>\n            <\/a>\n        <\/div>\n\t\t\t\t\t\t\t<\/div> \n\t\t\t\n        \n\t\t\n\t\t<!-- Pagination -->\n\t<div class='ngg-clear'><\/div>\t<\/div>\nV srpnu prob\u011bhlo tradi\u010dn\u00ed letn\u00ed soust\u0159ed\u011bn\u00ed d\u011bt\u00ed. Akce se z\u00fa\u010dastnilo 25 na\u0161ich nejmen\u0161\u00edch judist\u016f a mimo her a sout\u011b\u017e\u00ed se v\u011bnovali n\u00e1cviku nov\u00fdch technik a jejich zvl\u00e1dnut\u00ed prokazovali p\u0159i zkou\u0161k\u00e1ch na vy\u0161\u0161\u00ed p\u00e1sky.&nbsp;&nbsp;<\/p>\n","protected":false},"excerpt":{"rendered":"<p>&nbsp; V srpnu prob\u011bhlo tradi\u010dn\u00ed letn\u00ed soust\u0159ed\u011bn\u00ed d\u011bt\u00ed. Akce se z\u00fa\u010dastnilo 25 na\u0161ich nejmen\u0161\u00edch judist\u016f a mimo her a sout\u011b\u017e\u00ed se v\u011bnovali n\u00e1cviku nov\u00fdch technik a jejich zvl\u00e1dnut\u00ed prokazovali p\u0159i zkou\u0161k\u00e1ch na vy\u0161\u0161\u00ed p\u00e1sky.&nbsp;&nbsp;<\/p>\n","protected":false},"author":5,"featured_media":1673,"comment_status":"closed","ping_status":"open","sticky":false,"template":"","format":"standard","meta":{"ngg_post_thumbnail":0},"categories":[1],"tags":[],"_links":{"self":[{"href":"http:\/\/sportjudo.cz\/index.php?rest_route=\/wp\/v2\/posts\/1617"}],"collection":[{"href":"http:\/\/sportjudo.cz\/index.php?rest_route=\/wp\/v2\/posts"}],"about":[{"href":"http:\/\/sportjudo.cz\/index.php?rest_route=\/wp\/v2\/types\/post"}],"author":[{"embeddable":true,"href":"http:\/\/sportjudo.cz\/index.php?rest_route=\/wp\/v2\/users\/5"}],"replies":[{"embeddable":true,"href":"http:\/\/sportjudo.cz\/index.php?rest_route=%2Fwp%2Fv2%2Fcomments&post=1617"}],"version-history":[{"count":6,"href":"http:\/\/sportjudo.cz\/index.php?rest_route=\/wp\/v2\/posts\/1617\/revisions"}],"predecessor-version":[{"id":1676,"href":"http:\/\/sportjudo.cz\/index.php?rest_route=\/wp\/v2\/posts\/1617\/revisions\/1676"}],"wp:featuredmedia":[{"embeddable":true,"href":"http:\/\/sportjudo.cz\/index.php?rest_route=\/wp\/v2\/media\/1673"}],"wp:attachment":[{"href":"http:\/\/sportjudo.cz\/index.php?rest_route=%2Fwp%2Fv2%2Fmedia&parent=1617"}],"wp:term":[{"taxonomy":"category","embeddable":true,"href":"http:\/\/sportjudo.cz\/index.php?rest_route=%2Fwp%2Fv2%2Fcategories&post=1617"},{"taxonomy":"post_tag","embeddable":true,"href":"http:\/\/sportjudo.cz\/index.php?rest_route=%2Fwp%2Fv2%2Ftags&post=1617"}],"curies":[{"name":"wp","href":"https:\/\/api.w.org\/{rel}","templated":true}]}}