{"id":1739,"date":"2022-09-11T16:14:00","date_gmt":"2022-09-11T14:14:00","guid":{"rendered":"http:\/\/sportjudo.cz\/?p=1739"},"modified":"2022-09-11T16:33:24","modified_gmt":"2022-09-11T14:33:24","slug":"mizuno-brno-cup-open","status":"publish","type":"post","link":"http:\/\/sportjudo.cz\/?p=1739","title":{"rendered":"Mizuno BRNO CUP OPEN"},"content":{"rendered":"<p><!-- index.php -->\n<div\n\tclass=\"ngg-galleryoverview\"\n\tid=\"ngg-gallery-c165c1ab3d36e980987667616751831b-1\">\n\n    \t\t<!-- Thumbnails -->\n\t\t\t\t<div id=\"ngg-image-0\" class=\"ngg-gallery-thumbnail-box\" >\n\t\t\t\t        <div class=\"ngg-gallery-thumbnail\">\n            <a href=\"http:\/\/sportjudo.cz\/cp-brno-921\/7A0C04BA-4331-4F75-8FF5-7C352C04BBDD.jpeg\"\n               title=\"\"\n               data-src=\"http:\/\/sportjudo.cz\/cp-brno-921\/7A0C04BA-4331-4F75-8FF5-7C352C04BBDD.jpeg\"\n               data-thumbnail=\"http:\/\/sportjudo.cz\/cp-brno-921\/thumbs\/thumbs_7A0C04BA-4331-4F75-8FF5-7C352C04BBDD.jpeg\"\n               data-image-id=\"222\"\n               data-title=\"7A0C04BA-4331-4F75-8FF5-7C352C04BBDD\"\n               data-description=\"\"\n               data-image-slug=\"7a0c04ba-4331-4f75-8ff5-7c352c04bbdd-1\"\n               class='use_imagebrowser_effect' data-imagebrowser-url='http:\/\/sportjudo.cz\/index.php\/nggallery\/image\/%STUB%?p=1739'>\n                <img\n                    title=\"7A0C04BA-4331-4F75-8FF5-7C352C04BBDD\"\n                    alt=\"7A0C04BA-4331-4F75-8FF5-7C352C04BBDD\"\n                    src=\"http:\/\/sportjudo.cz\/cp-brno-921\/thumbs\/thumbs_7A0C04BA-4331-4F75-8FF5-7C352C04BBDD.jpeg\"\n                    width=\"240\"\n                    height=\"160\"\n                    style=\"max-width:100%;\"\n                \/>\n            <\/a>\n        <\/div>\n\t\t\t\t\t\t\t<\/div> \n\t\t\t\n        \n\t\t\t\t<div id=\"ngg-image-1\" class=\"ngg-gallery-thumbnail-box\" >\n\t\t\t\t        <div class=\"ngg-gallery-thumbnail\">\n            <a href=\"http:\/\/sportjudo.cz\/cp-brno-921\/89228811-1BB8-49DB-9212-82271215BD5F.jpeg\"\n               title=\"\"\n               data-src=\"http:\/\/sportjudo.cz\/cp-brno-921\/89228811-1BB8-49DB-9212-82271215BD5F.jpeg\"\n               data-thumbnail=\"http:\/\/sportjudo.cz\/cp-brno-921\/thumbs\/thumbs_89228811-1BB8-49DB-9212-82271215BD5F.jpeg\"\n               data-image-id=\"223\"\n               data-title=\"89228811-1BB8-49DB-9212-82271215BD5F\"\n               data-description=\"\"\n               data-image-slug=\"89228811-1bb8-49db-9212-82271215bd5f-1\"\n               class='use_imagebrowser_effect' data-imagebrowser-url='http:\/\/sportjudo.cz\/index.php\/nggallery\/image\/%STUB%?p=1739'>\n                <img\n                    title=\"89228811-1BB8-49DB-9212-82271215BD5F\"\n                    alt=\"89228811-1BB8-49DB-9212-82271215BD5F\"\n                    src=\"http:\/\/sportjudo.cz\/cp-brno-921\/thumbs\/thumbs_89228811-1BB8-49DB-9212-82271215BD5F.jpeg\"\n                    width=\"240\"\n                    height=\"160\"\n                    style=\"max-width:100%;\"\n                \/>\n            <\/a>\n        <\/div>\n\t\t\t\t\t\t\t<\/div> \n\t\t\t\n        \n\t\t\t\t<div id=\"ngg-image-2\" class=\"ngg-gallery-thumbnail-box\" >\n\t\t\t\t        <div class=\"ngg-gallery-thumbnail\">\n            <a href=\"http:\/\/sportjudo.cz\/cp-brno-921\/ACD677FB-09F9-47AE-8FA7-593CECBB8650.jpeg\"\n               title=\"\"\n               data-src=\"http:\/\/sportjudo.cz\/cp-brno-921\/ACD677FB-09F9-47AE-8FA7-593CECBB8650.jpeg\"\n               data-thumbnail=\"http:\/\/sportjudo.cz\/cp-brno-921\/thumbs\/thumbs_ACD677FB-09F9-47AE-8FA7-593CECBB8650.jpeg\"\n               data-image-id=\"224\"\n               data-title=\"ACD677FB-09F9-47AE-8FA7-593CECBB8650\"\n               data-description=\"\"\n               data-image-slug=\"acd677fb-09f9-47ae-8fa7-593cecbb8650-1\"\n               class='use_imagebrowser_effect' data-imagebrowser-url='http:\/\/sportjudo.cz\/index.php\/nggallery\/image\/%STUB%?p=1739'>\n                <img\n                    title=\"ACD677FB-09F9-47AE-8FA7-593CECBB8650\"\n                    alt=\"ACD677FB-09F9-47AE-8FA7-593CECBB8650\"\n                    src=\"http:\/\/sportjudo.cz\/cp-brno-921\/thumbs\/thumbs_ACD677FB-09F9-47AE-8FA7-593CECBB8650.jpeg\"\n                    width=\"240\"\n                    height=\"160\"\n                    style=\"max-width:100%;\"\n                \/>\n            <\/a>\n        <\/div>\n\t\t\t\t\t\t\t<\/div> \n\t\t\t\n        \n\t\t\t\t<div id=\"ngg-image-3\" class=\"ngg-gallery-thumbnail-box\" >\n\t\t\t\t        <div class=\"ngg-gallery-thumbnail\">\n            <a href=\"http:\/\/sportjudo.cz\/cp-brno-921\/B781A659-34BA-4966-9C07-5C18D2C757F3.jpeg\"\n               title=\"\"\n               data-src=\"http:\/\/sportjudo.cz\/cp-brno-921\/B781A659-34BA-4966-9C07-5C18D2C757F3.jpeg\"\n               data-thumbnail=\"http:\/\/sportjudo.cz\/cp-brno-921\/thumbs\/thumbs_B781A659-34BA-4966-9C07-5C18D2C757F3.jpeg\"\n               data-image-id=\"225\"\n               data-title=\"B781A659-34BA-4966-9C07-5C18D2C757F3\"\n               data-description=\"\"\n               data-image-slug=\"b781a659-34ba-4966-9c07-5c18d2c757f3-1\"\n               class='use_imagebrowser_effect' data-imagebrowser-url='http:\/\/sportjudo.cz\/index.php\/nggallery\/image\/%STUB%?p=1739'>\n                <img\n                    title=\"B781A659-34BA-4966-9C07-5C18D2C757F3\"\n                    alt=\"B781A659-34BA-4966-9C07-5C18D2C757F3\"\n                    src=\"http:\/\/sportjudo.cz\/cp-brno-921\/thumbs\/thumbs_B781A659-34BA-4966-9C07-5C18D2C757F3.jpeg\"\n                    width=\"240\"\n                    height=\"160\"\n                    style=\"max-width:100%;\"\n                \/>\n            <\/a>\n        <\/div>\n\t\t\t\t\t\t\t<\/div> \n\t\t\t\n        \n\t\t\t\t<div id=\"ngg-image-4\" class=\"ngg-gallery-thumbnail-box\" >\n\t\t\t\t        <div class=\"ngg-gallery-thumbnail\">\n            <a href=\"http:\/\/sportjudo.cz\/cp-brno-921\/DD0C72A2-B418-4799-BF03-F743194D6C4E.jpeg\"\n               title=\"\"\n               data-src=\"http:\/\/sportjudo.cz\/cp-brno-921\/DD0C72A2-B418-4799-BF03-F743194D6C4E.jpeg\"\n               data-thumbnail=\"http:\/\/sportjudo.cz\/cp-brno-921\/thumbs\/thumbs_DD0C72A2-B418-4799-BF03-F743194D6C4E.jpeg\"\n               data-image-id=\"226\"\n               data-title=\"DD0C72A2-B418-4799-BF03-F743194D6C4E\"\n               data-description=\"\"\n               data-image-slug=\"dd0c72a2-b418-4799-bf03-f743194d6c4e-1\"\n               class='use_imagebrowser_effect' data-imagebrowser-url='http:\/\/sportjudo.cz\/index.php\/nggallery\/image\/%STUB%?p=1739'>\n                <img\n                    title=\"DD0C72A2-B418-4799-BF03-F743194D6C4E\"\n                    alt=\"DD0C72A2-B418-4799-BF03-F743194D6C4E\"\n                    src=\"http:\/\/sportjudo.cz\/cp-brno-921\/thumbs\/thumbs_DD0C72A2-B418-4799-BF03-F743194D6C4E.jpeg\"\n                    width=\"240\"\n                    height=\"160\"\n                    style=\"max-width:100%;\"\n                \/>\n            <\/a>\n        <\/div>\n\t\t\t\t\t\t\t<\/div> \n\t\t\t\n        \n\t\t\n\t\t<!-- Pagination -->\n\t<div class='ngg-clear'><\/div>\t<\/div>\n<a class=\"ngg-simplelightbox\" title=\" \" href=\"http:\/\/sportjudo.cz\/cp-brno-921\/7A0C04BA-4331-4F75-8FF5-7C352C04BBDD.jpeg\" rel=\"\" data-image-id=\"222\" data-src=\"http:\/\/sportjudo.cz\/cp-brno-921\/7A0C04BA-4331-4F75-8FF5-7C352C04BBDD.jpeg\" data-thumbnail=\"http:\/\/sportjudo.cz\/cp-brno-921\/thumbs\/thumbs_7A0C04BA-4331-4F75-8FF5-7C352C04BBDD.jpeg\" data-title=\"7A0C04BA-4331-4F75-8FF5-7C352C04BBDD\" data-description=\" \"><img class=\"ngg-singlepic ngg-none\" src=\"http:\/\/sportjudo.cz\/cp-brno-921\/thumbs\/thumbs_7A0C04BA-4331-4F75-8FF5-7C352C04BBDD.jpeg\" alt=\"7A0C04BA-4331-4F75-8FF5-7C352C04BBDD\"><\/a><\/p>\n<p>Ze z\u00e1v\u011bre\u010dn\u00e9ho \u010desk\u00e9ho poh\u00e1ru vezeme do Litom\u011b\u0159ic kompletn\u00ed sb\u00edrku cenn\u00fdch kov\u016f a dv\u011b &#8222;brambory&#8220; k tomu. Nejv\u00edce se da\u0159ilo Honzovi Ma\u0161kovi, kter\u00fd vyhr\u00e1l kategorii mu\u017e\u016f bez rozd\u00edlu vah a p\u0159idal je\u0161t\u011b st\u0159\u00edbro ve v\u00e1ze + 100kg. Bronz vybojoval v kategorii mu\u017e\u016f Va\u0161ek Nov\u00e1\u010dek, p\u00e1t\u00e1 m\u00edsta p\u0159idali Patrik Gab\u0161t\u016fr a Honza Galia v dorostu. \u017d\u00e1ci vybojovali v siln\u011b obsazen\u00fdch vah\u00e1ch 7. m\u00edsto B\u00e1ra Zachov\u00e1 a 9. m\u00edsto Petr Novotn\u00fd.&nbsp;<\/p>\n","protected":false},"excerpt":{"rendered":"<p>Ze z\u00e1v\u011bre\u010dn\u00e9ho \u010desk\u00e9ho poh\u00e1ru vezeme do Litom\u011b\u0159ic kompletn\u00ed sb\u00edrku cenn\u00fdch kov\u016f a dv\u011b &#8222;brambory&#8220; k tomu. Nejv\u00edce se da\u0159ilo Honzovi Ma\u0161kovi, kter\u00fd vyhr\u00e1l kategorii mu\u017e\u016f bez rozd\u00edlu vah a p\u0159idal je\u0161t\u011b st\u0159\u00edbro ve v\u00e1ze + 100kg. Bronz vybojoval v kategorii mu\u017e\u016f Va\u0161ek Nov\u00e1\u010dek, p\u00e1t\u00e1 m\u00edsta p\u0159idali Patrik Gab\u0161t\u016fr a Honza Galia v dorostu. \u017d\u00e1ci vybojovali&hellip;<\/p>\n","protected":false},"author":5,"featured_media":1753,"comment_status":"closed","ping_status":"open","sticky":false,"template":"","format":"standard","meta":{"ngg_post_thumbnail":0},"categories":[1],"tags":[],"_links":{"self":[{"href":"http:\/\/sportjudo.cz\/index.php?rest_route=\/wp\/v2\/posts\/1739"}],"collection":[{"href":"http:\/\/sportjudo.cz\/index.php?rest_route=\/wp\/v2\/posts"}],"about":[{"href":"http:\/\/sportjudo.cz\/index.php?rest_route=\/wp\/v2\/types\/post"}],"author":[{"embeddable":true,"href":"http:\/\/sportjudo.cz\/index.php?rest_route=\/wp\/v2\/users\/5"}],"replies":[{"embeddable":true,"href":"http:\/\/sportjudo.cz\/index.php?rest_route=%2Fwp%2Fv2%2Fcomments&post=1739"}],"version-history":[{"count":3,"href":"http:\/\/sportjudo.cz\/index.php?rest_route=\/wp\/v2\/posts\/1739\/revisions"}],"predecessor-version":[{"id":1751,"href":"http:\/\/sportjudo.cz\/index.php?rest_route=\/wp\/v2\/posts\/1739\/revisions\/1751"}],"wp:featuredmedia":[{"embeddable":true,"href":"http:\/\/sportjudo.cz\/index.php?rest_route=\/wp\/v2\/media\/1753"}],"wp:attachment":[{"href":"http:\/\/sportjudo.cz\/index.php?rest_route=%2Fwp%2Fv2%2Fmedia&parent=1739"}],"wp:term":[{"taxonomy":"category","embeddable":true,"href":"http:\/\/sportjudo.cz\/index.php?rest_route=%2Fwp%2Fv2%2Fcategories&post=1739"},{"taxonomy":"post_tag","embeddable":true,"href":"http:\/\/sportjudo.cz\/index.php?rest_route=%2Fwp%2Fv2%2Ftags&post=1739"}],"curies":[{"name":"wp","href":"https:\/\/api.w.org\/{rel}","templated":true}]}}