{"id":1778,"date":"2022-11-16T09:10:07","date_gmt":"2022-11-16T08:10:07","guid":{"rendered":"http:\/\/sportjudo.cz\/?p=1778"},"modified":"2022-11-16T09:10:07","modified_gmt":"2022-11-16T08:10:07","slug":"mistrovstvi-cr-dorostu","status":"publish","type":"post","link":"http:\/\/sportjudo.cz\/?p=1778","title":{"rendered":"Mistrovstv\u00ed \u010cR dorostu"},"content":{"rendered":"<p><strong>46kg&nbsp;&nbsp;&nbsp;&nbsp;&nbsp;&nbsp;&nbsp;&nbsp;&nbsp;&nbsp; 1.m\u00edsto&nbsp;&nbsp;&nbsp;&nbsp;&nbsp; Jan Galia&nbsp; &nbsp; &nbsp; &nbsp; &nbsp; &nbsp; &nbsp; &nbsp; &nbsp; &nbsp; &nbsp; &nbsp;<\/strong><\/p>\n<p><strong>44kg&nbsp;&nbsp;&nbsp;&nbsp;&nbsp;&nbsp;&nbsp;&nbsp;&nbsp;&nbsp; 2.m\u00edsto&nbsp;&nbsp;&nbsp;&nbsp;&nbsp; B\u00e1ra Zachov\u00e1&nbsp; &nbsp; &nbsp; &nbsp; &nbsp; &nbsp; &nbsp; &nbsp;<\/strong><\/p>\n<p><strong>70kg&nbsp;&nbsp;&nbsp;&nbsp;&nbsp;&nbsp;&nbsp;&nbsp;&nbsp;&nbsp; 1.m\u00edsto&nbsp;&nbsp;&nbsp;&nbsp;&nbsp; \u0160t\u011bp\u00e1nka Hojdarov\u00e1&nbsp;&nbsp;<\/strong><\/p>\n<p><strong>+70kg&nbsp;&nbsp;&nbsp;&nbsp;&nbsp;&nbsp;&nbsp;&nbsp; bez um.&nbsp;&nbsp;&nbsp;&nbsp; B\u00e1ra Jene\u0161ov\u00e1&nbsp; &nbsp; &nbsp; &nbsp; &nbsp; &nbsp; <img loading=\"lazy\" class=\"alignnone size-medium wp-image-1777\" src=\"http:\/\/sportjudo.cz\/wp-content\/uploads\/2022\/11\/MCR-dor-300x225.jpg\" alt=\"\" width=\"300\" height=\"225\" srcset=\"http:\/\/sportjudo.cz\/wp-content\/uploads\/2022\/11\/MCR-dor-300x225.jpg 300w, http:\/\/sportjudo.cz\/wp-content\/uploads\/2022\/11\/MCR-dor-1024x768.jpg 1024w, http:\/\/sportjudo.cz\/wp-content\/uploads\/2022\/11\/MCR-dor-768x576.jpg 768w, http:\/\/sportjudo.cz\/wp-content\/uploads\/2022\/11\/MCR-dor.jpg 1386w\" sizes=\"(max-width: 300px) 100vw, 300px\" \/><\/strong><\/p>\n","protected":false},"excerpt":{"rendered":"<p>46kg&nbsp;&nbsp;&nbsp;&nbsp;&nbsp;&nbsp;&nbsp;&nbsp;&nbsp;&nbsp; 1.m\u00edsto&nbsp;&nbsp;&nbsp;&nbsp;&nbsp; Jan Galia&nbsp; &nbsp; &nbsp; &nbsp; &nbsp; &nbsp; &nbsp; &nbsp; &nbsp; &nbsp; &nbsp; &nbsp; 44kg&nbsp;&nbsp;&nbsp;&nbsp;&nbsp;&nbsp;&nbsp;&nbsp;&nbsp;&nbsp; 2.m\u00edsto&nbsp;&nbsp;&nbsp;&nbsp;&nbsp; B\u00e1ra Zachov\u00e1&nbsp; &nbsp; &nbsp; &nbsp; &nbsp; &nbsp; &nbsp; &nbsp; 70kg&nbsp;&nbsp;&nbsp;&nbsp;&nbsp;&nbsp;&nbsp;&nbsp;&nbsp;&nbsp; 1.m\u00edsto&nbsp;&nbsp;&nbsp;&nbsp;&nbsp; \u0160t\u011bp\u00e1nka Hojdarov\u00e1&nbsp;&nbsp; +70kg&nbsp;&nbsp;&nbsp;&nbsp;&nbsp;&nbsp;&nbsp;&nbsp; bez um.&nbsp;&nbsp;&nbsp;&nbsp; B\u00e1ra Jene\u0161ov\u00e1&nbsp; &nbsp; &nbsp; &nbsp; &nbsp; &nbsp;<\/p>\n","protected":false},"author":5,"featured_media":1777,"comment_status":"closed","ping_status":"open","sticky":false,"template":"","format":"standard","meta":{"ngg_post_thumbnail":0},"categories":[1],"tags":[],"_links":{"self":[{"href":"http:\/\/sportjudo.cz\/index.php?rest_route=\/wp\/v2\/posts\/1778"}],"collection":[{"href":"http:\/\/sportjudo.cz\/index.php?rest_route=\/wp\/v2\/posts"}],"about":[{"href":"http:\/\/sportjudo.cz\/index.php?rest_route=\/wp\/v2\/types\/post"}],"author":[{"embeddable":true,"href":"http:\/\/sportjudo.cz\/index.php?rest_route=\/wp\/v2\/users\/5"}],"replies":[{"embeddable":true,"href":"http:\/\/sportjudo.cz\/index.php?rest_route=%2Fwp%2Fv2%2Fcomments&post=1778"}],"version-history":[{"count":1,"href":"http:\/\/sportjudo.cz\/index.php?rest_route=\/wp\/v2\/posts\/1778\/revisions"}],"predecessor-version":[{"id":1779,"href":"http:\/\/sportjudo.cz\/index.php?rest_route=\/wp\/v2\/posts\/1778\/revisions\/1779"}],"wp:featuredmedia":[{"embeddable":true,"href":"http:\/\/sportjudo.cz\/index.php?rest_route=\/wp\/v2\/media\/1777"}],"wp:attachment":[{"href":"http:\/\/sportjudo.cz\/index.php?rest_route=%2Fwp%2Fv2%2Fmedia&parent=1778"}],"wp:term":[{"taxonomy":"category","embeddable":true,"href":"http:\/\/sportjudo.cz\/index.php?rest_route=%2Fwp%2Fv2%2Fcategories&post=1778"},{"taxonomy":"post_tag","embeddable":true,"href":"http:\/\/sportjudo.cz\/index.php?rest_route=%2Fwp%2Fv2%2Ftags&post=1778"}],"curies":[{"name":"wp","href":"https:\/\/api.w.org\/{rel}","templated":true}]}}