{"id":1924,"date":"2024-01-30T13:42:43","date_gmt":"2024-01-30T12:42:43","guid":{"rendered":"http:\/\/sportjudo.cz\/?p=1924"},"modified":"2024-01-30T13:49:47","modified_gmt":"2024-01-30T12:49:47","slug":"pohar-nadeji-2024","status":"publish","type":"post","link":"http:\/\/sportjudo.cz\/?p=1924","title":{"rendered":"POH\u00c1R NAD\u011aJ\u00cd 2024"},"content":{"rendered":"<p><img loading=\"lazy\" class=\"alignnone size-medium wp-image-1927\" src=\"http:\/\/sportjudo.cz\/wp-content\/uploads\/2024\/01\/PONA_OLO-269x300.jpg\" alt=\"\" width=\"269\" height=\"300\" srcset=\"http:\/\/sportjudo.cz\/wp-content\/uploads\/2024\/01\/PONA_OLO-269x300.jpg 269w, http:\/\/sportjudo.cz\/wp-content\/uploads\/2024\/01\/PONA_OLO-918x1024.jpg 918w, http:\/\/sportjudo.cz\/wp-content\/uploads\/2024\/01\/PONA_OLO-768x857.jpg 768w, http:\/\/sportjudo.cz\/wp-content\/uploads\/2024\/01\/PONA_OLO.jpg 1193w\" sizes=\"(max-width: 269px) 100vw, 269px\" \/>\u00davodn\u00ed turnaj sez\u00f3ny pro dorost a seniory se vyda\u0159il, bereme 2 st\u0159\u00edbra a 2 bronzy &#8230;<\/p>\n","protected":false},"excerpt":{"rendered":"<p>\u00davodn\u00ed turnaj sez\u00f3ny pro dorost a seniory se vyda\u0159il, bereme 2 st\u0159\u00edbra a 2 bronzy &#8230;<\/p>\n","protected":false},"author":5,"featured_media":1927,"comment_status":"closed","ping_status":"open","sticky":false,"template":"","format":"standard","meta":{"ngg_post_thumbnail":0},"categories":[1],"tags":[],"_links":{"self":[{"href":"http:\/\/sportjudo.cz\/index.php?rest_route=\/wp\/v2\/posts\/1924"}],"collection":[{"href":"http:\/\/sportjudo.cz\/index.php?rest_route=\/wp\/v2\/posts"}],"about":[{"href":"http:\/\/sportjudo.cz\/index.php?rest_route=\/wp\/v2\/types\/post"}],"author":[{"embeddable":true,"href":"http:\/\/sportjudo.cz\/index.php?rest_route=\/wp\/v2\/users\/5"}],"replies":[{"embeddable":true,"href":"http:\/\/sportjudo.cz\/index.php?rest_route=%2Fwp%2Fv2%2Fcomments&post=1924"}],"version-history":[{"count":3,"href":"http:\/\/sportjudo.cz\/index.php?rest_route=\/wp\/v2\/posts\/1924\/revisions"}],"predecessor-version":[{"id":1930,"href":"http:\/\/sportjudo.cz\/index.php?rest_route=\/wp\/v2\/posts\/1924\/revisions\/1930"}],"wp:featuredmedia":[{"embeddable":true,"href":"http:\/\/sportjudo.cz\/index.php?rest_route=\/wp\/v2\/media\/1927"}],"wp:attachment":[{"href":"http:\/\/sportjudo.cz\/index.php?rest_route=%2Fwp%2Fv2%2Fmedia&parent=1924"}],"wp:term":[{"taxonomy":"category","embeddable":true,"href":"http:\/\/sportjudo.cz\/index.php?rest_route=%2Fwp%2Fv2%2Fcategories&post=1924"},{"taxonomy":"post_tag","embeddable":true,"href":"http:\/\/sportjudo.cz\/index.php?rest_route=%2Fwp%2Fv2%2Ftags&post=1924"}],"curies":[{"name":"wp","href":"https:\/\/api.w.org\/{rel}","templated":true}]}}