{"id":1933,"date":"2023-06-11T11:08:06","date_gmt":"2023-06-11T09:08:06","guid":{"rendered":"http:\/\/sportjudo.cz\/?p=1933"},"modified":"2024-02-06T11:11:48","modified_gmt":"2024-02-06T10:11:48","slug":"evropske-hry-mladeze","status":"publish","type":"post","link":"http:\/\/sportjudo.cz\/?p=1933","title":{"rendered":"EVROPSK\u00c9 HRY ML\u00c1DE\u017dE"},"content":{"rendered":"<p>\u010ceskou republiku bude reprezentovat na EYOF na\u0161e z\u00e1vodn\u00edce \u0160t\u011bp\u00e1nka Hjdarov\u00e1. Na jej\u00ed p\u0159\u00edprav\u011b se finan\u010dn\u011b pod\u00edlel i \u00dasteck\u00fd kraj. <img loading=\"lazy\" class=\"alignnone size-medium wp-image-1934\" src=\"http:\/\/sportjudo.cz\/wp-content\/uploads\/2024\/02\/EYOF-238x300.jpg\" alt=\"\" width=\"238\" height=\"300\" srcset=\"http:\/\/sportjudo.cz\/wp-content\/uploads\/2024\/02\/EYOF-238x300.jpg 238w, http:\/\/sportjudo.cz\/wp-content\/uploads\/2024\/02\/EYOF-812x1024.jpg 812w, http:\/\/sportjudo.cz\/wp-content\/uploads\/2024\/02\/EYOF-768x969.jpg 768w, http:\/\/sportjudo.cz\/wp-content\/uploads\/2024\/02\/EYOF.jpg 1015w\" sizes=\"(max-width: 238px) 100vw, 238px\" \/><\/p>\n","protected":false},"excerpt":{"rendered":"<p>\u010ceskou republiku bude reprezentovat na EYOF na\u0161e z\u00e1vodn\u00edce \u0160t\u011bp\u00e1nka Hjdarov\u00e1. Na jej\u00ed p\u0159\u00edprav\u011b se finan\u010dn\u011b pod\u00edlel i \u00dasteck\u00fd kraj.<\/p>\n","protected":false},"author":5,"featured_media":1934,"comment_status":"closed","ping_status":"open","sticky":false,"template":"","format":"standard","meta":{"ngg_post_thumbnail":0},"categories":[1],"tags":[],"_links":{"self":[{"href":"http:\/\/sportjudo.cz\/index.php?rest_route=\/wp\/v2\/posts\/1933"}],"collection":[{"href":"http:\/\/sportjudo.cz\/index.php?rest_route=\/wp\/v2\/posts"}],"about":[{"href":"http:\/\/sportjudo.cz\/index.php?rest_route=\/wp\/v2\/types\/post"}],"author":[{"embeddable":true,"href":"http:\/\/sportjudo.cz\/index.php?rest_route=\/wp\/v2\/users\/5"}],"replies":[{"embeddable":true,"href":"http:\/\/sportjudo.cz\/index.php?rest_route=%2Fwp%2Fv2%2Fcomments&post=1933"}],"version-history":[{"count":1,"href":"http:\/\/sportjudo.cz\/index.php?rest_route=\/wp\/v2\/posts\/1933\/revisions"}],"predecessor-version":[{"id":1935,"href":"http:\/\/sportjudo.cz\/index.php?rest_route=\/wp\/v2\/posts\/1933\/revisions\/1935"}],"wp:featuredmedia":[{"embeddable":true,"href":"http:\/\/sportjudo.cz\/index.php?rest_route=\/wp\/v2\/media\/1934"}],"wp:attachment":[{"href":"http:\/\/sportjudo.cz\/index.php?rest_route=%2Fwp%2Fv2%2Fmedia&parent=1933"}],"wp:term":[{"taxonomy":"category","embeddable":true,"href":"http:\/\/sportjudo.cz\/index.php?rest_route=%2Fwp%2Fv2%2Fcategories&post=1933"},{"taxonomy":"post_tag","embeddable":true,"href":"http:\/\/sportjudo.cz\/index.php?rest_route=%2Fwp%2Fv2%2Ftags&post=1933"}],"curies":[{"name":"wp","href":"https:\/\/api.w.org\/{rel}","templated":true}]}}