{"id":1941,"date":"2023-04-25T11:14:06","date_gmt":"2023-04-25T09:14:06","guid":{"rendered":"http:\/\/sportjudo.cz\/?p=1941"},"modified":"2024-02-06T11:16:18","modified_gmt":"2024-02-06T10:16:18","slug":"vt-kyrgyzstan","status":"publish","type":"post","link":"http:\/\/sportjudo.cz\/?p=1941","title":{"rendered":"VT KYRGYZST\u00c1N"},"content":{"rendered":"<p>V r\u00e1mci p\u0159\u00edpravy se na\u0161i reprezentanti t\u00fa\u010dastnili n\u00e1ro\u010dn\u00e9ho soust\u0159ed\u011bn\u00ed v Kyrgyzst\u00e1nu. Akce prob\u011bhla za finan\u010dn\u00ed podpory \u00dasteck\u00e9ho kraje.<img loading=\"lazy\" class=\"alignnone size-medium wp-image-1940\" src=\"http:\/\/sportjudo.cz\/wp-content\/uploads\/2024\/02\/KGZ2-225x300.jpg\" alt=\"\" width=\"225\" height=\"300\" srcset=\"http:\/\/sportjudo.cz\/wp-content\/uploads\/2024\/02\/KGZ2-225x300.jpg 225w, http:\/\/sportjudo.cz\/wp-content\/uploads\/2024\/02\/KGZ2.jpg 768w\" sizes=\"(max-width: 225px) 100vw, 225px\" \/><\/p>\n","protected":false},"excerpt":{"rendered":"<p>V r\u00e1mci p\u0159\u00edpravy se na\u0161i reprezentanti t\u00fa\u010dastnili n\u00e1ro\u010dn\u00e9ho soust\u0159ed\u011bn\u00ed v Kyrgyzst\u00e1nu. Akce prob\u011bhla za finan\u010dn\u00ed podpory \u00dasteck\u00e9ho kraje.<\/p>\n","protected":false},"author":5,"featured_media":1939,"comment_status":"closed","ping_status":"open","sticky":false,"template":"","format":"standard","meta":{"ngg_post_thumbnail":0},"categories":[1],"tags":[],"_links":{"self":[{"href":"http:\/\/sportjudo.cz\/index.php?rest_route=\/wp\/v2\/posts\/1941"}],"collection":[{"href":"http:\/\/sportjudo.cz\/index.php?rest_route=\/wp\/v2\/posts"}],"about":[{"href":"http:\/\/sportjudo.cz\/index.php?rest_route=\/wp\/v2\/types\/post"}],"author":[{"embeddable":true,"href":"http:\/\/sportjudo.cz\/index.php?rest_route=\/wp\/v2\/users\/5"}],"replies":[{"embeddable":true,"href":"http:\/\/sportjudo.cz\/index.php?rest_route=%2Fwp%2Fv2%2Fcomments&post=1941"}],"version-history":[{"count":1,"href":"http:\/\/sportjudo.cz\/index.php?rest_route=\/wp\/v2\/posts\/1941\/revisions"}],"predecessor-version":[{"id":1942,"href":"http:\/\/sportjudo.cz\/index.php?rest_route=\/wp\/v2\/posts\/1941\/revisions\/1942"}],"wp:featuredmedia":[{"embeddable":true,"href":"http:\/\/sportjudo.cz\/index.php?rest_route=\/wp\/v2\/media\/1939"}],"wp:attachment":[{"href":"http:\/\/sportjudo.cz\/index.php?rest_route=%2Fwp%2Fv2%2Fmedia&parent=1941"}],"wp:term":[{"taxonomy":"category","embeddable":true,"href":"http:\/\/sportjudo.cz\/index.php?rest_route=%2Fwp%2Fv2%2Fcategories&post=1941"},{"taxonomy":"post_tag","embeddable":true,"href":"http:\/\/sportjudo.cz\/index.php?rest_route=%2Fwp%2Fv2%2Ftags&post=1941"}],"curies":[{"name":"wp","href":"https:\/\/api.w.org\/{rel}","templated":true}]}}