{"id":1956,"date":"2024-03-12T11:06:29","date_gmt":"2024-03-12T10:06:29","guid":{"rendered":"http:\/\/sportjudo.cz\/?p=1956"},"modified":"2024-03-12T11:09:29","modified_gmt":"2024-03-12T10:09:29","slug":"honza-svoboda-sportovcem-roku-2024","status":"publish","type":"post","link":"http:\/\/sportjudo.cz\/?p=1956","title":{"rendered":"Honza Svoboda sportovcem roku 2024"},"content":{"rendered":"<!-- index.php -->\n<div\n\tclass=\"ngg-galleryoverview\"\n\tid=\"ngg-gallery-0802d7ab447ee30fe504b90fc81a3136-1\">\n\n    \t\t<!-- Thumbnails -->\n\t\t\t\t<div id=\"ngg-image-0\" class=\"ngg-gallery-thumbnail-box\" >\n\t\t\t\t        <div class=\"ngg-gallery-thumbnail\">\n            <a href=\"http:\/\/sportjudo.cz\/sportovec-roku-2024\/1c90c849-7335-450d-ad9f-ecdd8ef2bf3c.jpg\"\n               title=\"\"\n               data-src=\"http:\/\/sportjudo.cz\/sportovec-roku-2024\/1c90c849-7335-450d-ad9f-ecdd8ef2bf3c.jpg\"\n               data-thumbnail=\"http:\/\/sportjudo.cz\/sportovec-roku-2024\/thumbs\/thumbs_1c90c849-7335-450d-ad9f-ecdd8ef2bf3c.jpg\"\n               data-image-id=\"240\"\n               data-title=\"1c90c849-7335-450d-ad9f-ecdd8ef2bf3c\"\n               data-description=\"\"\n               data-image-slug=\"1c90c849-7335-450d-ad9f-ecdd8ef2bf3c\"\n               class='use_imagebrowser_effect' data-imagebrowser-url='http:\/\/sportjudo.cz\/index.php\/nggallery\/image\/%STUB%?p=1956'>\n                <img\n                    title=\"1c90c849-7335-450d-ad9f-ecdd8ef2bf3c\"\n                    alt=\"1c90c849-7335-450d-ad9f-ecdd8ef2bf3c\"\n                    src=\"http:\/\/sportjudo.cz\/sportovec-roku-2024\/thumbs\/thumbs_1c90c849-7335-450d-ad9f-ecdd8ef2bf3c.jpg\"\n                    width=\"240\"\n                    height=\"160\"\n                    style=\"max-width:100%;\"\n                \/>\n            <\/a>\n        <\/div>\n\t\t\t\t\t\t\t<\/div> \n\t\t\t\n        \n\t\t\t\t<div id=\"ngg-image-1\" class=\"ngg-gallery-thumbnail-box\" >\n\t\t\t\t        <div class=\"ngg-gallery-thumbnail\">\n            <a href=\"http:\/\/sportjudo.cz\/sportovec-roku-2024\/71D0CABC-D141-463A-BA4C-FF76B48DD483.jpeg\"\n               title=\"\"\n               data-src=\"http:\/\/sportjudo.cz\/sportovec-roku-2024\/71D0CABC-D141-463A-BA4C-FF76B48DD483.jpeg\"\n               data-thumbnail=\"http:\/\/sportjudo.cz\/sportovec-roku-2024\/thumbs\/thumbs_71D0CABC-D141-463A-BA4C-FF76B48DD483.jpeg\"\n               data-image-id=\"241\"\n               data-title=\"71D0CABC-D141-463A-BA4C-FF76B48DD483\"\n               data-description=\"\"\n               data-image-slug=\"71d0cabc-d141-463a-ba4c-ff76b48dd483\"\n               class='use_imagebrowser_effect' data-imagebrowser-url='http:\/\/sportjudo.cz\/index.php\/nggallery\/image\/%STUB%?p=1956'>\n                <img\n                    title=\"71D0CABC-D141-463A-BA4C-FF76B48DD483\"\n                    alt=\"71D0CABC-D141-463A-BA4C-FF76B48DD483\"\n                    src=\"http:\/\/sportjudo.cz\/sportovec-roku-2024\/thumbs\/thumbs_71D0CABC-D141-463A-BA4C-FF76B48DD483.jpeg\"\n                    width=\"240\"\n                    height=\"160\"\n                    style=\"max-width:100%;\"\n                \/>\n            <\/a>\n        <\/div>\n\t\t\t\t\t\t\t<\/div> \n\t\t\t\n        \n\t\t\t\t<div id=\"ngg-image-2\" class=\"ngg-gallery-thumbnail-box\" >\n\t\t\t\t        <div class=\"ngg-gallery-thumbnail\">\n            <a href=\"http:\/\/sportjudo.cz\/sportovec-roku-2024\/911AE1BA-80A4-488B-851B-530373F77669.jpeg\"\n               title=\"\"\n               data-src=\"http:\/\/sportjudo.cz\/sportovec-roku-2024\/911AE1BA-80A4-488B-851B-530373F77669.jpeg\"\n               data-thumbnail=\"http:\/\/sportjudo.cz\/sportovec-roku-2024\/thumbs\/thumbs_911AE1BA-80A4-488B-851B-530373F77669.jpeg\"\n               data-image-id=\"242\"\n               data-title=\"911AE1BA-80A4-488B-851B-530373F77669\"\n               data-description=\"\"\n               data-image-slug=\"911ae1ba-80a4-488b-851b-530373f77669\"\n               class='use_imagebrowser_effect' data-imagebrowser-url='http:\/\/sportjudo.cz\/index.php\/nggallery\/image\/%STUB%?p=1956'>\n                <img\n                    title=\"911AE1BA-80A4-488B-851B-530373F77669\"\n                    alt=\"911AE1BA-80A4-488B-851B-530373F77669\"\n                    src=\"http:\/\/sportjudo.cz\/sportovec-roku-2024\/thumbs\/thumbs_911AE1BA-80A4-488B-851B-530373F77669.jpeg\"\n                    width=\"240\"\n                    height=\"160\"\n                    style=\"max-width:100%;\"\n                \/>\n            <\/a>\n        <\/div>\n\t\t\t\t\t\t\t<\/div> \n\t\t\t\n        \n\t\t\n\t\t<!-- Pagination -->\n\t<div class='ngg-clear'><\/div>\t<\/div>\n\n<p align=\"center\"><span style=\"font-size: xx-large;\"><u>Vyhl\u00e1\u0161en\u00ed ankety<\/u><\/span><\/p>\n<p align=\"center\"><span style=\"font-size: xx-large;\"><u><b>Sportovec roku 2023<\/b><\/u><\/span><\/p>\n<p align=\"center\"><span style=\"font-size: xx-large;\"><u>Okres Litom\u011b\u0159ice<\/u><\/span><\/p>\n<p align=\"center\"><span style=\"font-size: large;\">Vyhl\u00e1\u0161en\u00ed prob\u011bhlo 7.3.2024 v&nbsp;kulturn\u00edm dom\u011b Lovo\u0161 v&nbsp;Lovosic\u00edch<\/span><\/p>\n<p><span style=\"font-size: large;\">Vyhl\u00e1\u0161en\u00ed sportovci klubu Sport Judo Litom\u011b\u0159ice :<\/span><\/p>\n<p><span style=\"font-size: xx-large;\"><b>Jan Svoboda <\/b><\/span><span style=\"font-size: large;\">byl vyhl\u00e1\u0161en <\/span><span style=\"font-size: x-large;\"><b>Sportovcem roku 2024<\/b><\/span><\/p>\n<p><span style=\"font-size: x-large;\">a zv\u00edt\u011bzil tak v&nbsp;kategorii dosp\u011bl\u00fdch sportovc\u016f<\/span><\/p>\n<p><span style=\"font-size: x-large;\">na 6.m\u00edst\u011b byl pak vyhl\u00e1\u0161en <\/span><span style=\"font-size: xx-large;\"><b>Jan Ma\u0161ek<\/b><\/span><\/p>\n<p><span style=\"font-size: large;\">V&nbsp;kategorii ml\u00e1de\u017ee byla na <\/span><span style=\"font-size: x-large;\"> 3.m\u00edst\u011b vyhl\u00e1\u0161ena<\/span><\/p>\n<p><span style=\"font-size: xx-large;\"><b>\u0160t\u011bp\u00e1nka Hojdarov\u00e1<\/b><\/span><\/p>\n<p><span style=\"font-size: large;\">V&nbsp;kategorii dru\u017estev dosp\u011bl\u00fdch byli na <\/span><span style=\"font-size: x-large;\">3.m\u00edst\u011b vyhl\u00e1\u0161eni<\/span><\/p>\n<p><span style=\"font-size: x-large;\"><b>Mu\u017ei \u2013 extraligov\u00e9 dru\u017estvo FCC Sport Judo Litom\u011b\u0159ice<\/b><\/span><\/p>\n","protected":false},"excerpt":{"rendered":"<p>Vyhl\u00e1\u0161en\u00ed ankety Sportovec roku 2023 Okres Litom\u011b\u0159ice Vyhl\u00e1\u0161en\u00ed prob\u011bhlo 7.3.2024 v&nbsp;kulturn\u00edm dom\u011b Lovo\u0161 v&nbsp;Lovosic\u00edch Vyhl\u00e1\u0161en\u00ed sportovci klubu Sport Judo Litom\u011b\u0159ice : Jan Svoboda byl vyhl\u00e1\u0161en Sportovcem roku 2024 a zv\u00edt\u011bzil tak v&nbsp;kategorii dosp\u011bl\u00fdch sportovc\u016f na 6.m\u00edst\u011b byl pak vyhl\u00e1\u0161en Jan Ma\u0161ek V&nbsp;kategorii ml\u00e1de\u017ee byla na 3.m\u00edst\u011b vyhl\u00e1\u0161ena \u0160t\u011bp\u00e1nka Hojdarov\u00e1 V&nbsp;kategorii dru\u017estev dosp\u011bl\u00fdch byli na 3.m\u00edst\u011b&hellip;<\/p>\n","protected":false},"author":5,"featured_media":1955,"comment_status":"closed","ping_status":"open","sticky":false,"template":"","format":"standard","meta":{"ngg_post_thumbnail":0},"categories":[1],"tags":[],"_links":{"self":[{"href":"http:\/\/sportjudo.cz\/index.php?rest_route=\/wp\/v2\/posts\/1956"}],"collection":[{"href":"http:\/\/sportjudo.cz\/index.php?rest_route=\/wp\/v2\/posts"}],"about":[{"href":"http:\/\/sportjudo.cz\/index.php?rest_route=\/wp\/v2\/types\/post"}],"author":[{"embeddable":true,"href":"http:\/\/sportjudo.cz\/index.php?rest_route=\/wp\/v2\/users\/5"}],"replies":[{"embeddable":true,"href":"http:\/\/sportjudo.cz\/index.php?rest_route=%2Fwp%2Fv2%2Fcomments&post=1956"}],"version-history":[{"count":2,"href":"http:\/\/sportjudo.cz\/index.php?rest_route=\/wp\/v2\/posts\/1956\/revisions"}],"predecessor-version":[{"id":1962,"href":"http:\/\/sportjudo.cz\/index.php?rest_route=\/wp\/v2\/posts\/1956\/revisions\/1962"}],"wp:featuredmedia":[{"embeddable":true,"href":"http:\/\/sportjudo.cz\/index.php?rest_route=\/wp\/v2\/media\/1955"}],"wp:attachment":[{"href":"http:\/\/sportjudo.cz\/index.php?rest_route=%2Fwp%2Fv2%2Fmedia&parent=1956"}],"wp:term":[{"taxonomy":"category","embeddable":true,"href":"http:\/\/sportjudo.cz\/index.php?rest_route=%2Fwp%2Fv2%2Fcategories&post=1956"},{"taxonomy":"post_tag","embeddable":true,"href":"http:\/\/sportjudo.cz\/index.php?rest_route=%2Fwp%2Fv2%2Ftags&post=1956"}],"curies":[{"name":"wp","href":"https:\/\/api.w.org\/{rel}","templated":true}]}}