{"id":2214,"date":"2025-08-22T15:41:28","date_gmt":"2025-08-22T13:41:28","guid":{"rendered":"http:\/\/sportjudo.cz\/?p=2214"},"modified":"2025-09-17T13:25:24","modified_gmt":"2025-09-17T11:25:24","slug":"letni-soustredeni-priprvky","status":"publish","type":"post","link":"http:\/\/sportjudo.cz\/?p=2214","title":{"rendered":"LETN\u00cd SOUST\u0158ED\u011aN\u00cd P\u0158\u00cdPRAVKY"},"content":{"rendered":"<p>ZA PODPORY \u00daSTECK\u00c9HO KRAJE jsme na za\u010d\u00e1tku srpna vyrazili s na\u0161imi nejmen\u0161\u00edmi z\u00e1vodn\u00edky na t\u00fddenn\u00ed soust\u0159ed\u011bn\u00ed. Makalo se na nov\u00fdch technik\u00e1ch, kondici, hr\u00e1lo se a sout\u011b\u017eilo. A proto\u017ee nejsme \u017e\u00e1dn\u00e1 o\u0159ez\u00e1v\u00e1tka nocov\u00e1n\u00ed na matrac\u00edch v u\u010debn\u00e1ch Z\u00e1kladn\u00ed \u0161koly v Terez\u00edn\u011b se n\u00e1m moc l\u00edbilo a bylo super z\u00e1\u017eitkem&#8230; 31 mal\u00fdch borc\u016f v kimonech sice dalo tren\u00e9r\u016fm p\u011bkn\u00fd z\u00e1p\u0159ah, ale tak\u00e9 radost z par\u00e1dn\u011b odmakan\u00e9ho t\u00fddne!! &nbsp; &nbsp; &nbsp; <img loading=\"lazy\" class=\"alignnone size-medium wp-image-2240\" src=\"http:\/\/sportjudo.cz\/wp-content\/uploads\/2025\/08\/UK_LOGO_RGB-300x212.jpg\" alt=\"\" width=\"300\" height=\"212\" srcset=\"http:\/\/sportjudo.cz\/wp-content\/uploads\/2025\/08\/UK_LOGO_RGB-300x212.jpg 300w, http:\/\/sportjudo.cz\/wp-content\/uploads\/2025\/08\/UK_LOGO_RGB-1024x724.jpg 1024w, http:\/\/sportjudo.cz\/wp-content\/uploads\/2025\/08\/UK_LOGO_RGB-768x543.jpg 768w, http:\/\/sportjudo.cz\/wp-content\/uploads\/2025\/08\/UK_LOGO_RGB.jpg 1415w\" sizes=\"(max-width: 300px) 100vw, 300px\" \/><a class=\"ngg-simplelightbox\" title=\" \" href=\"http:\/\/sportjudo.cz\/terezin-2025\/spolecna.jpg\" rel=\"\" data-image-id=\"274\" data-src=\"http:\/\/sportjudo.cz\/terezin-2025\/spolecna.jpg\" data-thumbnail=\"http:\/\/sportjudo.cz\/terezin-2025\/thumbs\/thumbs_spolecna.jpg\" data-title=\"spolecna\" data-description=\" \"><img class=\"ngg-singlepic ngg-none\" src=\"http:\/\/sportjudo.cz\/terezin-2025\/thumbs\/thumbs_spolecna.jpg\" alt=\"spolecna\"><\/a><\/p>\n\n\t\t<style>\n\t\t\t#gallery-1 {\n\t\t\t\tmargin: auto;\n\t\t\t}\n\t\t\t#gallery-1 .gallery-item {\n\t\t\t\tfloat: left;\n\t\t\t\tmargin-top: 10px;\n\t\t\t\ttext-align: center;\n\t\t\t\twidth: 33%;\n\t\t\t}\n\t\t\t#gallery-1 img {\n\t\t\t\tborder: 2px solid #cfcfcf;\n\t\t\t}\n\t\t\t#gallery-1 .gallery-caption {\n\t\t\t\tmargin-left: 0;\n\t\t\t}\n\t\t\t\/* see gallery_shortcode() in wp-includes\/media.php *\/\n\t\t<\/style>\n\t\t<div id='gallery-1' class='gallery galleryid-2214 gallery-columns-3 gallery-size-thumbnail'><dl class='gallery-item'>\n\t\t\t<dt class='gallery-icon landscape'>\n\t\t\t\t<a href='http:\/\/sportjudo.cz\/?attachment_id=2215'><img width=\"150\" height=\"150\" src=\"http:\/\/sportjudo.cz\/wp-content\/uploads\/2025\/08\/IMG_6871-150x150.jpg\" class=\"attachment-thumbnail size-thumbnail\" alt=\"\" loading=\"lazy\" \/><\/a>\n\t\t\t<\/dt><\/dl><dl class='gallery-item'>\n\t\t\t<dt class='gallery-icon portrait'>\n\t\t\t\t<a href='http:\/\/sportjudo.cz\/?attachment_id=2216'><img width=\"150\" height=\"150\" src=\"http:\/\/sportjudo.cz\/wp-content\/uploads\/2025\/08\/IMG_6877-150x150.jpg\" class=\"attachment-thumbnail size-thumbnail\" alt=\"\" loading=\"lazy\" \/><\/a>\n\t\t\t<\/dt><\/dl><dl class='gallery-item'>\n\t\t\t<dt class='gallery-icon portrait'>\n\t\t\t\t<a href='http:\/\/sportjudo.cz\/?attachment_id=2217'><img width=\"150\" height=\"150\" src=\"http:\/\/sportjudo.cz\/wp-content\/uploads\/2025\/08\/IMG_6889-150x150.jpg\" class=\"attachment-thumbnail size-thumbnail\" alt=\"\" loading=\"lazy\" \/><\/a>\n\t\t\t<\/dt><\/dl><br style=\"clear: both\" \/><dl class='gallery-item'>\n\t\t\t<dt class='gallery-icon landscape'>\n\t\t\t\t<a href='http:\/\/sportjudo.cz\/?attachment_id=2218'><img width=\"150\" height=\"150\" src=\"http:\/\/sportjudo.cz\/wp-content\/uploads\/2025\/08\/IMG_6892-150x150.jpg\" class=\"attachment-thumbnail size-thumbnail\" alt=\"\" loading=\"lazy\" \/><\/a>\n\t\t\t<\/dt><\/dl>\n\t\t\t<br style='clear: both' \/>\n\t\t<\/div>\n\n<p><img loading=\"lazy\" class=\"alignnone size-medium wp-image-2219\" src=\"http:\/\/sportjudo.cz\/wp-content\/uploads\/2025\/08\/9e36df4c-82a4-4acb-842e-0526a1d8675d-300x225.jpg\" alt=\"\" width=\"300\" height=\"225\" srcset=\"http:\/\/sportjudo.cz\/wp-content\/uploads\/2025\/08\/9e36df4c-82a4-4acb-842e-0526a1d8675d-300x225.jpg 300w, http:\/\/sportjudo.cz\/wp-content\/uploads\/2025\/08\/9e36df4c-82a4-4acb-842e-0526a1d8675d-1024x768.jpg 1024w, http:\/\/sportjudo.cz\/wp-content\/uploads\/2025\/08\/9e36df4c-82a4-4acb-842e-0526a1d8675d-768x576.jpg 768w, http:\/\/sportjudo.cz\/wp-content\/uploads\/2025\/08\/9e36df4c-82a4-4acb-842e-0526a1d8675d-1536x1153.jpg 1536w, http:\/\/sportjudo.cz\/wp-content\/uploads\/2025\/08\/9e36df4c-82a4-4acb-842e-0526a1d8675d.jpg 1599w\" sizes=\"(max-width: 300px) 100vw, 300px\" \/> <img loading=\"lazy\" class=\"alignnone size-medium wp-image-2220\" src=\"http:\/\/sportjudo.cz\/wp-content\/uploads\/2025\/08\/86c965c0-3353-41f4-ada0-89d3353ff375-225x300.jpg\" alt=\"\" width=\"225\" height=\"300\" srcset=\"http:\/\/sportjudo.cz\/wp-content\/uploads\/2025\/08\/86c965c0-3353-41f4-ada0-89d3353ff375-225x300.jpg 225w, http:\/\/sportjudo.cz\/wp-content\/uploads\/2025\/08\/86c965c0-3353-41f4-ada0-89d3353ff375-768x1023.jpg 768w, http:\/\/sportjudo.cz\/wp-content\/uploads\/2025\/08\/86c965c0-3353-41f4-ada0-89d3353ff375-1153x1536.jpg 1153w, http:\/\/sportjudo.cz\/wp-content\/uploads\/2025\/08\/86c965c0-3353-41f4-ada0-89d3353ff375.jpg 1200w\" sizes=\"(max-width: 225px) 100vw, 225px\" \/> <img loading=\"lazy\" class=\"alignnone size-medium wp-image-2221\" src=\"http:\/\/sportjudo.cz\/wp-content\/uploads\/2025\/08\/dcf37481-2c0b-4655-96f5-bf7b114485be-225x300.jpg\" alt=\"\" width=\"225\" height=\"300\" srcset=\"http:\/\/sportjudo.cz\/wp-content\/uploads\/2025\/08\/dcf37481-2c0b-4655-96f5-bf7b114485be-225x300.jpg 225w, http:\/\/sportjudo.cz\/wp-content\/uploads\/2025\/08\/dcf37481-2c0b-4655-96f5-bf7b114485be-768x1023.jpg 768w, http:\/\/sportjudo.cz\/wp-content\/uploads\/2025\/08\/dcf37481-2c0b-4655-96f5-bf7b114485be-1153x1536.jpg 1153w, http:\/\/sportjudo.cz\/wp-content\/uploads\/2025\/08\/dcf37481-2c0b-4655-96f5-bf7b114485be.jpg 1200w\" sizes=\"(max-width: 225px) 100vw, 225px\" \/> <img loading=\"lazy\" class=\"alignnone size-medium wp-image-2222\" src=\"http:\/\/sportjudo.cz\/wp-content\/uploads\/2025\/08\/f095839f-3a2e-4e66-923b-de06377b5508-225x300.jpg\" alt=\"\" width=\"225\" height=\"300\" srcset=\"http:\/\/sportjudo.cz\/wp-content\/uploads\/2025\/08\/f095839f-3a2e-4e66-923b-de06377b5508-225x300.jpg 225w, http:\/\/sportjudo.cz\/wp-content\/uploads\/2025\/08\/f095839f-3a2e-4e66-923b-de06377b5508-768x1023.jpg 768w, http:\/\/sportjudo.cz\/wp-content\/uploads\/2025\/08\/f095839f-3a2e-4e66-923b-de06377b5508-1153x1536.jpg 1153w, http:\/\/sportjudo.cz\/wp-content\/uploads\/2025\/08\/f095839f-3a2e-4e66-923b-de06377b5508.jpg 1200w\" sizes=\"(max-width: 225px) 100vw, 225px\" \/><img loading=\"lazy\" class=\"alignnone size-medium wp-image-2224\" src=\"http:\/\/sportjudo.cz\/wp-content\/uploads\/2025\/08\/1f4e267e-b438-4317-b459-7543b785da33-300x225.jpg\" alt=\"\" width=\"300\" height=\"225\" srcset=\"http:\/\/sportjudo.cz\/wp-content\/uploads\/2025\/08\/1f4e267e-b438-4317-b459-7543b785da33-300x225.jpg 300w, http:\/\/sportjudo.cz\/wp-content\/uploads\/2025\/08\/1f4e267e-b438-4317-b459-7543b785da33-1024x769.jpg 1024w, http:\/\/sportjudo.cz\/wp-content\/uploads\/2025\/08\/1f4e267e-b438-4317-b459-7543b785da33-768x577.jpg 768w, http:\/\/sportjudo.cz\/wp-content\/uploads\/2025\/08\/1f4e267e-b438-4317-b459-7543b785da33.jpg 1280w\" sizes=\"(max-width: 300px) 100vw, 300px\" \/> <img loading=\"lazy\" class=\"alignnone size-medium wp-image-2225\" src=\"http:\/\/sportjudo.cz\/wp-content\/uploads\/2025\/08\/8a65593a-50d5-4abe-8c14-d9946051c2f1-225x300.jpg\" alt=\"\" width=\"225\" height=\"300\" srcset=\"http:\/\/sportjudo.cz\/wp-content\/uploads\/2025\/08\/8a65593a-50d5-4abe-8c14-d9946051c2f1-225x300.jpg 225w, http:\/\/sportjudo.cz\/wp-content\/uploads\/2025\/08\/8a65593a-50d5-4abe-8c14-d9946051c2f1-768x1024.jpg 768w, http:\/\/sportjudo.cz\/wp-content\/uploads\/2025\/08\/8a65593a-50d5-4abe-8c14-d9946051c2f1.jpg 960w\" sizes=\"(max-width: 225px) 100vw, 225px\" \/> <img loading=\"lazy\" class=\"alignnone size-medium wp-image-2226\" src=\"http:\/\/sportjudo.cz\/wp-content\/uploads\/2025\/08\/42b029c7-604d-40b8-8793-74fb9929c039-300x225.jpg\" alt=\"\" width=\"300\" height=\"225\" srcset=\"http:\/\/sportjudo.cz\/wp-content\/uploads\/2025\/08\/42b029c7-604d-40b8-8793-74fb9929c039-300x225.jpg 300w, http:\/\/sportjudo.cz\/wp-content\/uploads\/2025\/08\/42b029c7-604d-40b8-8793-74fb9929c039-1024x769.jpg 1024w, http:\/\/sportjudo.cz\/wp-content\/uploads\/2025\/08\/42b029c7-604d-40b8-8793-74fb9929c039-768x577.jpg 768w, http:\/\/sportjudo.cz\/wp-content\/uploads\/2025\/08\/42b029c7-604d-40b8-8793-74fb9929c039.jpg 1280w\" sizes=\"(max-width: 300px) 100vw, 300px\" \/> <img loading=\"lazy\" class=\"alignnone size-medium wp-image-2227\" src=\"http:\/\/sportjudo.cz\/wp-content\/uploads\/2025\/08\/IMG_6748-300x225.jpg\" alt=\"\" width=\"300\" height=\"225\" srcset=\"http:\/\/sportjudo.cz\/wp-content\/uploads\/2025\/08\/IMG_6748-300x225.jpg 300w, http:\/\/sportjudo.cz\/wp-content\/uploads\/2025\/08\/IMG_6748-1024x768.jpg 1024w, http:\/\/sportjudo.cz\/wp-content\/uploads\/2025\/08\/IMG_6748-768x576.jpg 768w, http:\/\/sportjudo.cz\/wp-content\/uploads\/2025\/08\/IMG_6748-1536x1152.jpg 1536w, http:\/\/sportjudo.cz\/wp-content\/uploads\/2025\/08\/IMG_6748.jpg 2016w\" sizes=\"(max-width: 300px) 100vw, 300px\" \/><\/p>\n<p>&nbsp;<\/p>\n","protected":false},"excerpt":{"rendered":"<p>ZA PODPORY \u00daSTECK\u00c9HO KRAJE jsme na za\u010d\u00e1tku srpna vyrazili s na\u0161imi nejmen\u0161\u00edmi z\u00e1vodn\u00edky na t\u00fddenn\u00ed soust\u0159ed\u011bn\u00ed. Makalo se na nov\u00fdch technik\u00e1ch, kondici, hr\u00e1lo se a sout\u011b\u017eilo. A proto\u017ee nejsme \u017e\u00e1dn\u00e1 o\u0159ez\u00e1v\u00e1tka nocov\u00e1n\u00ed na matrac\u00edch v u\u010debn\u00e1ch Z\u00e1kladn\u00ed \u0161koly v Terez\u00edn\u011b se n\u00e1m moc l\u00edbilo a bylo super z\u00e1\u017eitkem&#8230; 31 mal\u00fdch borc\u016f v kimonech sice dalo&hellip;<\/p>\n","protected":false},"author":5,"featured_media":2229,"comment_status":"closed","ping_status":"open","sticky":false,"template":"","format":"standard","meta":{"ngg_post_thumbnail":0},"categories":[1],"tags":[],"_links":{"self":[{"href":"http:\/\/sportjudo.cz\/index.php?rest_route=\/wp\/v2\/posts\/2214"}],"collection":[{"href":"http:\/\/sportjudo.cz\/index.php?rest_route=\/wp\/v2\/posts"}],"about":[{"href":"http:\/\/sportjudo.cz\/index.php?rest_route=\/wp\/v2\/types\/post"}],"author":[{"embeddable":true,"href":"http:\/\/sportjudo.cz\/index.php?rest_route=\/wp\/v2\/users\/5"}],"replies":[{"embeddable":true,"href":"http:\/\/sportjudo.cz\/index.php?rest_route=%2Fwp%2Fv2%2Fcomments&post=2214"}],"version-history":[{"count":4,"href":"http:\/\/sportjudo.cz\/index.php?rest_route=\/wp\/v2\/posts\/2214\/revisions"}],"predecessor-version":[{"id":2241,"href":"http:\/\/sportjudo.cz\/index.php?rest_route=\/wp\/v2\/posts\/2214\/revisions\/2241"}],"wp:featuredmedia":[{"embeddable":true,"href":"http:\/\/sportjudo.cz\/index.php?rest_route=\/wp\/v2\/media\/2229"}],"wp:attachment":[{"href":"http:\/\/sportjudo.cz\/index.php?rest_route=%2Fwp%2Fv2%2Fmedia&parent=2214"}],"wp:term":[{"taxonomy":"category","embeddable":true,"href":"http:\/\/sportjudo.cz\/index.php?rest_route=%2Fwp%2Fv2%2Fcategories&post=2214"},{"taxonomy":"post_tag","embeddable":true,"href":"http:\/\/sportjudo.cz\/index.php?rest_route=%2Fwp%2Fv2%2Ftags&post=2214"}],"curies":[{"name":"wp","href":"https:\/\/api.w.org\/{rel}","templated":true}]}}