{"id":2252,"date":"2025-09-29T21:09:31","date_gmt":"2025-09-29T19:09:31","guid":{"rendered":"http:\/\/sportjudo.cz\/?p=2252"},"modified":"2025-09-29T21:09:31","modified_gmt":"2025-09-29T19:09:31","slug":"krajsky-prebor-zaku-u12-u14","status":"publish","type":"post","link":"http:\/\/sportjudo.cz\/?p=2252","title":{"rendered":"KRAJSK\u00dd P\u0158EBOR \u017d\u00c1K\u016e U12, U14"},"content":{"rendered":"<p>Par\u00e1dn\u011b jsme odstartovali po pr\u00e1zdnin\u00e1ch na Krajsk\u00e9m P\u0159eboru kategorie U12 a U14.&nbsp;<\/p>\n<p>ZLATO: Niki \u017d\u00e1kov\u00e1, Mat\u011bj \u017d\u00e1k&nbsp;<\/p>\n<p>ST\u0158\u00cdBRO: Tonda Br\u016fna, Adam Lamo\u0161, Kuba Fuhrmann<\/p>\n<p>BRONZ: Martin Such\u00fd, Michal Efler, Honza Hampl&nbsp;<\/p>\n<p>5. m\u00edsto Adam Vlas\u00e1k, 7. m\u00edsto Tom\u00e1\u0161 Vytla\u010dil<\/p>\n","protected":false},"excerpt":{"rendered":"<p>Par\u00e1dn\u011b jsme odstartovali po pr\u00e1zdnin\u00e1ch na Krajsk\u00e9m P\u0159eboru kategorie U12 a U14.&nbsp; ZLATO: Niki \u017d\u00e1kov\u00e1, Mat\u011bj \u017d\u00e1k&nbsp; ST\u0158\u00cdBRO: Tonda Br\u016fna, Adam Lamo\u0161, Kuba Fuhrmann BRONZ: Martin Such\u00fd, Michal Efler, Honza Hampl&nbsp; 5. m\u00edsto Adam Vlas\u00e1k, 7. m\u00edsto Tom\u00e1\u0161 Vytla\u010dil<\/p>\n","protected":false},"author":5,"featured_media":2251,"comment_status":"closed","ping_status":"open","sticky":false,"template":"","format":"standard","meta":{"ngg_post_thumbnail":0},"categories":[1],"tags":[],"_links":{"self":[{"href":"http:\/\/sportjudo.cz\/index.php?rest_route=\/wp\/v2\/posts\/2252"}],"collection":[{"href":"http:\/\/sportjudo.cz\/index.php?rest_route=\/wp\/v2\/posts"}],"about":[{"href":"http:\/\/sportjudo.cz\/index.php?rest_route=\/wp\/v2\/types\/post"}],"author":[{"embeddable":true,"href":"http:\/\/sportjudo.cz\/index.php?rest_route=\/wp\/v2\/users\/5"}],"replies":[{"embeddable":true,"href":"http:\/\/sportjudo.cz\/index.php?rest_route=%2Fwp%2Fv2%2Fcomments&post=2252"}],"version-history":[{"count":1,"href":"http:\/\/sportjudo.cz\/index.php?rest_route=\/wp\/v2\/posts\/2252\/revisions"}],"predecessor-version":[{"id":2253,"href":"http:\/\/sportjudo.cz\/index.php?rest_route=\/wp\/v2\/posts\/2252\/revisions\/2253"}],"wp:featuredmedia":[{"embeddable":true,"href":"http:\/\/sportjudo.cz\/index.php?rest_route=\/wp\/v2\/media\/2251"}],"wp:attachment":[{"href":"http:\/\/sportjudo.cz\/index.php?rest_route=%2Fwp%2Fv2%2Fmedia&parent=2252"}],"wp:term":[{"taxonomy":"category","embeddable":true,"href":"http:\/\/sportjudo.cz\/index.php?rest_route=%2Fwp%2Fv2%2Fcategories&post=2252"},{"taxonomy":"post_tag","embeddable":true,"href":"http:\/\/sportjudo.cz\/index.php?rest_route=%2Fwp%2Fv2%2Ftags&post=2252"}],"curies":[{"name":"wp","href":"https:\/\/api.w.org\/{rel}","templated":true}]}}