{"id":2256,"date":"2025-09-29T21:14:58","date_gmt":"2025-09-29T19:14:58","guid":{"rendered":"http:\/\/sportjudo.cz\/?p=2256"},"modified":"2025-09-29T21:14:58","modified_gmt":"2025-09-29T19:14:58","slug":"starsi-zaci-rozmetali-zaverecnou-bodovacku-v-chomutove","status":"publish","type":"post","link":"http:\/\/sportjudo.cz\/?p=2256","title":{"rendered":"Star\u0161\u00ed \u017e\u00e1ci rozmetali z\u00e1v\u011bre\u010dnou bodova\u010dku v Chomutov\u011b"},"content":{"rendered":"<p>Posledn\u00ed \u0161ance z\u00edskat body do \u017eeb\u0159\u00ed\u010dku a kvalifikovat se na Mistrovstv\u00ed republiky se U 14-k\u00e1m povedla na v\u00fdbornou.<\/p>\n<p>ZLATO: Br\u016fna, Galia, \u017d\u00e1k, \u017d\u00e1kov\u00e1, \u0158\u00edhov\u00e1, Vrz\u00e1\u010dkov\u00e1<\/p>\n<p>BRONZ: Fuhrmann, Hampl<\/p>\n<p>5. m\u00edsto: Vytla\u010dil, Pilous, Vlas\u00e1k<img loading=\"lazy\" class=\"alignnone size-medium wp-image-2254\" src=\"http:\/\/sportjudo.cz\/wp-content\/uploads\/2025\/09\/KP-Teplice-2-300x225.jpg\" alt=\"\" width=\"300\" height=\"225\" srcset=\"http:\/\/sportjudo.cz\/wp-content\/uploads\/2025\/09\/KP-Teplice-2-300x225.jpg 300w, http:\/\/sportjudo.cz\/wp-content\/uploads\/2025\/09\/KP-Teplice-2-1024x768.jpg 1024w, http:\/\/sportjudo.cz\/wp-content\/uploads\/2025\/09\/KP-Teplice-2-768x576.jpg 768w, http:\/\/sportjudo.cz\/wp-content\/uploads\/2025\/09\/KP-Teplice-2-1536x1152.jpg 1536w, http:\/\/sportjudo.cz\/wp-content\/uploads\/2025\/09\/KP-Teplice-2.jpg 2016w\" sizes=\"(max-width: 300px) 100vw, 300px\" \/><\/p>\n","protected":false},"excerpt":{"rendered":"<p>Posledn\u00ed \u0161ance z\u00edskat body do \u017eeb\u0159\u00ed\u010dku a kvalifikovat se na Mistrovstv\u00ed republiky se U 14-k\u00e1m povedla na v\u00fdbornou. ZLATO: Br\u016fna, Galia, \u017d\u00e1k, \u017d\u00e1kov\u00e1, \u0158\u00edhov\u00e1, Vrz\u00e1\u010dkov\u00e1 BRONZ: Fuhrmann, Hampl 5. m\u00edsto: Vytla\u010dil, Pilous, Vlas\u00e1k<\/p>\n","protected":false},"author":5,"featured_media":2255,"comment_status":"closed","ping_status":"open","sticky":false,"template":"","format":"standard","meta":{"ngg_post_thumbnail":0},"categories":[1],"tags":[],"_links":{"self":[{"href":"http:\/\/sportjudo.cz\/index.php?rest_route=\/wp\/v2\/posts\/2256"}],"collection":[{"href":"http:\/\/sportjudo.cz\/index.php?rest_route=\/wp\/v2\/posts"}],"about":[{"href":"http:\/\/sportjudo.cz\/index.php?rest_route=\/wp\/v2\/types\/post"}],"author":[{"embeddable":true,"href":"http:\/\/sportjudo.cz\/index.php?rest_route=\/wp\/v2\/users\/5"}],"replies":[{"embeddable":true,"href":"http:\/\/sportjudo.cz\/index.php?rest_route=%2Fwp%2Fv2%2Fcomments&post=2256"}],"version-history":[{"count":1,"href":"http:\/\/sportjudo.cz\/index.php?rest_route=\/wp\/v2\/posts\/2256\/revisions"}],"predecessor-version":[{"id":2257,"href":"http:\/\/sportjudo.cz\/index.php?rest_route=\/wp\/v2\/posts\/2256\/revisions\/2257"}],"wp:featuredmedia":[{"embeddable":true,"href":"http:\/\/sportjudo.cz\/index.php?rest_route=\/wp\/v2\/media\/2255"}],"wp:attachment":[{"href":"http:\/\/sportjudo.cz\/index.php?rest_route=%2Fwp%2Fv2%2Fmedia&parent=2256"}],"wp:term":[{"taxonomy":"category","embeddable":true,"href":"http:\/\/sportjudo.cz\/index.php?rest_route=%2Fwp%2Fv2%2Fcategories&post=2256"},{"taxonomy":"post_tag","embeddable":true,"href":"http:\/\/sportjudo.cz\/index.php?rest_route=%2Fwp%2Fv2%2Ftags&post=2256"}],"curies":[{"name":"wp","href":"https:\/\/api.w.org\/{rel}","templated":true}]}}