{"id":2259,"date":"2025-09-29T21:25:04","date_gmt":"2025-09-29T19:25:04","guid":{"rendered":"http:\/\/sportjudo.cz\/?p=2259"},"modified":"2025-09-29T21:25:04","modified_gmt":"2025-09-29T19:25:04","slug":"mistrovstvi-evropy-junioru","status":"publish","type":"post","link":"http:\/\/sportjudo.cz\/?p=2259","title":{"rendered":"Mistrovstv\u00ed EVROPY junior\u016f"},"content":{"rendered":"<p>V\u00fdsledky: 3. m\u00edsto EPJ 2025 &#8211; CZE, GER a POL, 2024 &#8211; ITA<\/p>\n<p>Pozice ve sv\u011btov\u00e9m \u017eeb\u0159\u00ed\u010dku: 20.<\/p>\n<p>Hojdarov\u00e1 druh\u00fdm rokem mezi juniorkami za\u017eila povedenou sez\u00f3nu, kdy dok\u00e1zala hned t\u0159ikr\u00e1t vybojovat medailov\u00e9 p\u00f3dium na evropsk\u00fdch poh\u00e1rech. Posledn\u00ed start absolvovala na mezin\u00e1rodn\u00edm turnaji ve Valencii v srpnu, kde skon\u010dila t\u0159et\u00ed. V\u011b\u0159\u00edme \u017ee se start na vrcholn\u00e9 akci povede!!<\/p>\n","protected":false},"excerpt":{"rendered":"<p>V\u00fdsledky: 3. m\u00edsto EPJ 2025 &#8211; CZE, GER a POL, 2024 &#8211; ITA Pozice ve sv\u011btov\u00e9m \u017eeb\u0159\u00ed\u010dku: 20. Hojdarov\u00e1 druh\u00fdm rokem mezi juniorkami za\u017eila povedenou sez\u00f3nu, kdy dok\u00e1zala hned t\u0159ikr\u00e1t vybojovat medailov\u00e9 p\u00f3dium na evropsk\u00fdch poh\u00e1rech. Posledn\u00ed start absolvovala na mezin\u00e1rodn\u00edm turnaji ve Valencii v srpnu, kde skon\u010dila t\u0159et\u00ed. V\u011b\u0159\u00edme \u017ee se start na vrcholn\u00e9&hellip;<\/p>\n","protected":false},"author":5,"featured_media":2258,"comment_status":"closed","ping_status":"open","sticky":false,"template":"","format":"standard","meta":{"ngg_post_thumbnail":0},"categories":[1],"tags":[],"_links":{"self":[{"href":"http:\/\/sportjudo.cz\/index.php?rest_route=\/wp\/v2\/posts\/2259"}],"collection":[{"href":"http:\/\/sportjudo.cz\/index.php?rest_route=\/wp\/v2\/posts"}],"about":[{"href":"http:\/\/sportjudo.cz\/index.php?rest_route=\/wp\/v2\/types\/post"}],"author":[{"embeddable":true,"href":"http:\/\/sportjudo.cz\/index.php?rest_route=\/wp\/v2\/users\/5"}],"replies":[{"embeddable":true,"href":"http:\/\/sportjudo.cz\/index.php?rest_route=%2Fwp%2Fv2%2Fcomments&post=2259"}],"version-history":[{"count":1,"href":"http:\/\/sportjudo.cz\/index.php?rest_route=\/wp\/v2\/posts\/2259\/revisions"}],"predecessor-version":[{"id":2260,"href":"http:\/\/sportjudo.cz\/index.php?rest_route=\/wp\/v2\/posts\/2259\/revisions\/2260"}],"wp:featuredmedia":[{"embeddable":true,"href":"http:\/\/sportjudo.cz\/index.php?rest_route=\/wp\/v2\/media\/2258"}],"wp:attachment":[{"href":"http:\/\/sportjudo.cz\/index.php?rest_route=%2Fwp%2Fv2%2Fmedia&parent=2259"}],"wp:term":[{"taxonomy":"category","embeddable":true,"href":"http:\/\/sportjudo.cz\/index.php?rest_route=%2Fwp%2Fv2%2Fcategories&post=2259"},{"taxonomy":"post_tag","embeddable":true,"href":"http:\/\/sportjudo.cz\/index.php?rest_route=%2Fwp%2Fv2%2Ftags&post=2259"}],"curies":[{"name":"wp","href":"https:\/\/api.w.org\/{rel}","templated":true}]}}