{"id":2262,"date":"2025-09-29T21:34:19","date_gmt":"2025-09-29T19:34:19","guid":{"rendered":"http:\/\/sportjudo.cz\/?p=2262"},"modified":"2025-09-29T21:34:19","modified_gmt":"2025-09-29T19:34:19","slug":"skvely-svoboda-na-evropskem-poharu-v-praze","status":"publish","type":"post","link":"http:\/\/sportjudo.cz\/?p=2262","title":{"rendered":"SKV\u011aL\u00dd SVOBODA NA EVROPSK\u00c9M POH\u00c1RU V PRAZE"},"content":{"rendered":"<p><b>Jan Svoboda&nbsp;<\/b>(SJ Litom\u011b\u0159ice) si p\u0159ipsal svou prvn\u00ed medaili z dom\u00e1c\u00edho European Open a o jednu p\u0159\u00ed\u010dku tak vylep\u0161il p\u00e1t\u00e9 m\u00edsto z roku 2022. V kategorii do 81 kg po v\u00fdhr\u00e1ch nad Zoubkem z Francie si vyst\u0159ihl kr\u00e1sn\u00fd ippon na ko-soto-gake proti Belgi\u010danovi Decortemu. Ve \u010dtvrtfin\u00e1le nesta\u010dil na Magerrama Imverdieva, v oprav\u00e1ch ale p\u0159e\u0161el p\u0159es \u0160v\u00fdcara Loica Gerosu. S t\u00edm sice prohr\u00e1val od prvn\u00ed zte\u010de na wazari, pot\u00e9 ale stihl napsat soupe\u0159i t\u0159i tresty, a postoupil tak do boje o bronz. Ani tam nem\u011bl Svoboda ide\u00e1ln\u00ed \u00favod. Po skrum\u00e1\u017ei na t\u011blo ztr\u00e1cel na yuko. Z podobn\u00e9 pozice byl ale napodruh\u00e9 siln\u011bj\u0161\u00ed a Brita Tyrrella hodil na ura-nage na ippon, a vybojoval tak bronzovou medaili.&nbsp;<\/p>\n","protected":false},"excerpt":{"rendered":"<p>Jan Svoboda&nbsp;(SJ Litom\u011b\u0159ice) si p\u0159ipsal svou prvn\u00ed medaili z dom\u00e1c\u00edho European Open a o jednu p\u0159\u00ed\u010dku tak vylep\u0161il p\u00e1t\u00e9 m\u00edsto z roku 2022. V kategorii do 81 kg po v\u00fdhr\u00e1ch nad Zoubkem z Francie si vyst\u0159ihl kr\u00e1sn\u00fd ippon na ko-soto-gake proti Belgi\u010danovi Decortemu. Ve \u010dtvrtfin\u00e1le nesta\u010dil na Magerrama Imverdieva, v oprav\u00e1ch ale p\u0159e\u0161el p\u0159es \u0160v\u00fdcara&hellip;<\/p>\n","protected":false},"author":5,"featured_media":2261,"comment_status":"closed","ping_status":"open","sticky":false,"template":"","format":"standard","meta":{"ngg_post_thumbnail":0},"categories":[1],"tags":[],"_links":{"self":[{"href":"http:\/\/sportjudo.cz\/index.php?rest_route=\/wp\/v2\/posts\/2262"}],"collection":[{"href":"http:\/\/sportjudo.cz\/index.php?rest_route=\/wp\/v2\/posts"}],"about":[{"href":"http:\/\/sportjudo.cz\/index.php?rest_route=\/wp\/v2\/types\/post"}],"author":[{"embeddable":true,"href":"http:\/\/sportjudo.cz\/index.php?rest_route=\/wp\/v2\/users\/5"}],"replies":[{"embeddable":true,"href":"http:\/\/sportjudo.cz\/index.php?rest_route=%2Fwp%2Fv2%2Fcomments&post=2262"}],"version-history":[{"count":1,"href":"http:\/\/sportjudo.cz\/index.php?rest_route=\/wp\/v2\/posts\/2262\/revisions"}],"predecessor-version":[{"id":2263,"href":"http:\/\/sportjudo.cz\/index.php?rest_route=\/wp\/v2\/posts\/2262\/revisions\/2263"}],"wp:featuredmedia":[{"embeddable":true,"href":"http:\/\/sportjudo.cz\/index.php?rest_route=\/wp\/v2\/media\/2261"}],"wp:attachment":[{"href":"http:\/\/sportjudo.cz\/index.php?rest_route=%2Fwp%2Fv2%2Fmedia&parent=2262"}],"wp:term":[{"taxonomy":"category","embeddable":true,"href":"http:\/\/sportjudo.cz\/index.php?rest_route=%2Fwp%2Fv2%2Fcategories&post=2262"},{"taxonomy":"post_tag","embeddable":true,"href":"http:\/\/sportjudo.cz\/index.php?rest_route=%2Fwp%2Fv2%2Ftags&post=2262"}],"curies":[{"name":"wp","href":"https:\/\/api.w.org\/{rel}","templated":true}]}}