{"id":2272,"date":"2025-10-15T08:39:11","date_gmt":"2025-10-15T06:39:11","guid":{"rendered":"http:\/\/sportjudo.cz\/?p=2272"},"modified":"2025-10-15T08:39:11","modified_gmt":"2025-10-15T06:39:11","slug":"honza-svoboda-obhajil-titul-mistra-republiky-v-kategorii-dospelych","status":"publish","type":"post","link":"http:\/\/sportjudo.cz\/?p=2272","title":{"rendered":"HONZA SVOBODA OBH\u00c1JIL TITUL MISTRA REPUBLIKY v kategorii dosp\u011bl\u00fdch !!"},"content":{"rendered":"<div dir=\"auto\"><img loading=\"lazy\" class=\"alignnone size-medium wp-image-2270\" src=\"http:\/\/sportjudo.cz\/wp-content\/uploads\/2025\/10\/22aa06d4-0f41-41d6-a26c-fcb10efeb003-225x300.jpg\" alt=\"\" width=\"225\" height=\"300\" srcset=\"http:\/\/sportjudo.cz\/wp-content\/uploads\/2025\/10\/22aa06d4-0f41-41d6-a26c-fcb10efeb003-225x300.jpg 225w, http:\/\/sportjudo.cz\/wp-content\/uploads\/2025\/10\/22aa06d4-0f41-41d6-a26c-fcb10efeb003-768x1024.jpg 768w, http:\/\/sportjudo.cz\/wp-content\/uploads\/2025\/10\/22aa06d4-0f41-41d6-a26c-fcb10efeb003-1152x1536.jpg 1152w, http:\/\/sportjudo.cz\/wp-content\/uploads\/2025\/10\/22aa06d4-0f41-41d6-a26c-fcb10efeb003.jpg 1200w\" sizes=\"(max-width: 225px) 100vw, 225px\" \/><img loading=\"lazy\" class=\"alignnone size-medium wp-image-2271\" src=\"http:\/\/sportjudo.cz\/wp-content\/uploads\/2025\/10\/b2eb5af8-28af-4c79-9364-b93f57721e17-225x300.jpg\" alt=\"\" width=\"225\" height=\"300\" srcset=\"http:\/\/sportjudo.cz\/wp-content\/uploads\/2025\/10\/b2eb5af8-28af-4c79-9364-b93f57721e17-225x300.jpg 225w, http:\/\/sportjudo.cz\/wp-content\/uploads\/2025\/10\/b2eb5af8-28af-4c79-9364-b93f57721e17-768x1024.jpg 768w, http:\/\/sportjudo.cz\/wp-content\/uploads\/2025\/10\/b2eb5af8-28af-4c79-9364-b93f57721e17-1152x1536.jpg 1152w, http:\/\/sportjudo.cz\/wp-content\/uploads\/2025\/10\/b2eb5af8-28af-4c79-9364-b93f57721e17.jpg 1200w\" sizes=\"(max-width: 225px) 100vw, 225px\" \/>Na Mistrovstvi CR muzu v Brne jsme vybojovali dve finalova utkani. Mistrem \u010cR se stal Honza Svoboda <span class=\"html-span xexx8yu xyri2b x18d9i69 x1c1uobl x1hl2dhg x16tdsg8 x1vvkbs x3nfvp2 x1j61x8r x1fcty0u xdj266r xat24cr xm2jcoa x1mpyi22 xxymvpz xlup9mm x1kky2od\"><img loading=\"lazy\" class=\"xz74otr x15mokao x1ga7v0g x16uus16 xbiv7yw\" src=\"https:\/\/static.xx.fbcdn.net\/images\/emoji.php\/v9\/t94\/1\/16\/1f947.png\" alt=\"\ud83e\udd47\" width=\"16\" height=\"16\"><\/span> ve vaze do 81 kg. Mimochodem obhajil titul z lonskeho roku. Na druhem miste skoncil v nejtezsi vahove kategorii +100 kg Honza Ma\u0161ek <span class=\"html-span xexx8yu xyri2b x18d9i69 x1c1uobl x1hl2dhg x16tdsg8 x1vvkbs x3nfvp2 x1j61x8r x1fcty0u xdj266r xat24cr xm2jcoa x1mpyi22 xxymvpz xlup9mm x1kky2od\"><img loading=\"lazy\" class=\"xz74otr x15mokao x1ga7v0g x16uus16 xbiv7yw\" src=\"https:\/\/static.xx.fbcdn.net\/images\/emoji.php\/v9\/t15\/1\/16\/1f948.png\" alt=\"\ud83e\udd48\" width=\"16\" height=\"16\"><\/span>. Nepopularni bramboru<span class=\"html-span xexx8yu xyri2b x18d9i69 x1c1uobl x1hl2dhg x16tdsg8 x1vvkbs x3nfvp2 x1j61x8r x1fcty0u xdj266r xat24cr xm2jcoa x1mpyi22 xxymvpz xlup9mm x1kky2od\"><img loading=\"lazy\" class=\"xz74otr x15mokao x1ga7v0g x16uus16 xbiv7yw\" src=\"https:\/\/static.xx.fbcdn.net\/images\/emoji.php\/v9\/tb0\/1\/16\/1f954.png\" alt=\"\ud83e\udd54\" width=\"16\" height=\"16\"><\/span>, nebo-li ctvrte misto si odvazi Daniel K\u00fchn ve vaze do 60kg. Vyrazovacimi boji bohuzel neprosel Jan Galia ve vaze do 66kg. Spravit chut si bude moci Honzik s Danem pristi tyden na Mistrovstvi CR junioru v Mlade Boleslavi.<\/div>\n","protected":false},"excerpt":{"rendered":"<p>Na Mistrovstvi CR muzu v Brne jsme vybojovali dve finalova utkani. Mistrem \u010cR se stal Honza Svoboda ve vaze do 81 kg. Mimochodem obhajil titul z lonskeho roku. Na druhem miste skoncil v nejtezsi vahove kategorii +100 kg Honza Ma\u0161ek . Nepopularni bramboru, nebo-li ctvrte misto si odvazi Daniel K\u00fchn ve vaze do 60kg. Vyrazovacimi&hellip;<\/p>\n","protected":false},"author":5,"featured_media":2269,"comment_status":"closed","ping_status":"open","sticky":false,"template":"","format":"standard","meta":{"ngg_post_thumbnail":0},"categories":[1],"tags":[],"_links":{"self":[{"href":"http:\/\/sportjudo.cz\/index.php?rest_route=\/wp\/v2\/posts\/2272"}],"collection":[{"href":"http:\/\/sportjudo.cz\/index.php?rest_route=\/wp\/v2\/posts"}],"about":[{"href":"http:\/\/sportjudo.cz\/index.php?rest_route=\/wp\/v2\/types\/post"}],"author":[{"embeddable":true,"href":"http:\/\/sportjudo.cz\/index.php?rest_route=\/wp\/v2\/users\/5"}],"replies":[{"embeddable":true,"href":"http:\/\/sportjudo.cz\/index.php?rest_route=%2Fwp%2Fv2%2Fcomments&post=2272"}],"version-history":[{"count":1,"href":"http:\/\/sportjudo.cz\/index.php?rest_route=\/wp\/v2\/posts\/2272\/revisions"}],"predecessor-version":[{"id":2273,"href":"http:\/\/sportjudo.cz\/index.php?rest_route=\/wp\/v2\/posts\/2272\/revisions\/2273"}],"wp:featuredmedia":[{"embeddable":true,"href":"http:\/\/sportjudo.cz\/index.php?rest_route=\/wp\/v2\/media\/2269"}],"wp:attachment":[{"href":"http:\/\/sportjudo.cz\/index.php?rest_route=%2Fwp%2Fv2%2Fmedia&parent=2272"}],"wp:term":[{"taxonomy":"category","embeddable":true,"href":"http:\/\/sportjudo.cz\/index.php?rest_route=%2Fwp%2Fv2%2Fcategories&post=2272"},{"taxonomy":"post_tag","embeddable":true,"href":"http:\/\/sportjudo.cz\/index.php?rest_route=%2Fwp%2Fv2%2Ftags&post=2272"}],"curies":[{"name":"wp","href":"https:\/\/api.w.org\/{rel}","templated":true}]}}