{"id":2278,"date":"2025-10-18T16:50:54","date_gmt":"2025-10-18T14:50:54","guid":{"rendered":"http:\/\/sportjudo.cz\/?p=2278"},"modified":"2025-10-18T16:50:54","modified_gmt":"2025-10-18T14:50:54","slug":"z-poharu-severu-vezeme-6-medaili","status":"publish","type":"post","link":"http:\/\/sportjudo.cz\/?p=2278","title":{"rendered":"Z POH\u00c1RU SEVERU vezeme 6 medail\u00ed"},"content":{"rendered":"<p>Dnes se n\u00e1m ve Varnsdorfu neda\u0159ilo podle p\u0159edstav. 16 z\u00e1vodn\u00edk\u016f a 6 medail\u00ed sice nezn\u00ed \u00fapln\u011b \u0161patn\u011b, ale taky to nen\u00ed \u00fapn\u011b skv\u011bl\u00e9. D\u011blali jsme chyby, n\u011bkdo nem\u011bl sv\u016fj den, n\u011bkdo prohr\u00e1l t\u011bsn\u011b a n\u011bkdo m\u011bl prost\u011b jen sm\u016flu. Ka\u017ed\u00e1 prohra je ale ta nejlep\u0161\u00ed p\u0159\u00edle\u017eitost proto se zlep\u0161it. Uk\u00e1\u017ee m\u00edsta kde je t\u0159eba zapracovat, kde zes\u00edlet a na co si d\u00e1t p\u0159\u00ed\u0161t\u011b pozor. Tak\u017ee to n\u00e1s te\u010f \u010dek\u00e1, zamakat abychom byli p\u0159\u00ed\u0161t\u011b siln\u011bj\u0161\u00ed!&nbsp;<\/p>\n<p>ZLATO: \u0160T\u011aP\u00c1N TICH\u00dd<\/p>\n<p>ST\u0158\u00cdBRO: ADAM \u017dV\u00c1TORA, V\u00cd\u0164A K\u00dcHN<\/p>\n<p>BRONZ: HONZA HAMPL, TENU BAYARMAGNAI, MAX FIALA<\/p>\n","protected":false},"excerpt":{"rendered":"<p>Dnes se n\u00e1m ve Varnsdorfu neda\u0159ilo podle p\u0159edstav. 16 z\u00e1vodn\u00edk\u016f a 6 medail\u00ed sice nezn\u00ed \u00fapln\u011b \u0161patn\u011b, ale taky to nen\u00ed \u00fapn\u011b skv\u011bl\u00e9. D\u011blali jsme chyby, n\u011bkdo nem\u011bl sv\u016fj den, n\u011bkdo prohr\u00e1l t\u011bsn\u011b a n\u011bkdo m\u011bl prost\u011b jen sm\u016flu. Ka\u017ed\u00e1 prohra je ale ta nejlep\u0161\u00ed p\u0159\u00edle\u017eitost proto se zlep\u0161it. Uk\u00e1\u017ee m\u00edsta kde je t\u0159eba zapracovat,&hellip;<\/p>\n","protected":false},"author":5,"featured_media":2275,"comment_status":"closed","ping_status":"open","sticky":false,"template":"","format":"standard","meta":{"ngg_post_thumbnail":0},"categories":[1],"tags":[],"_links":{"self":[{"href":"http:\/\/sportjudo.cz\/index.php?rest_route=\/wp\/v2\/posts\/2278"}],"collection":[{"href":"http:\/\/sportjudo.cz\/index.php?rest_route=\/wp\/v2\/posts"}],"about":[{"href":"http:\/\/sportjudo.cz\/index.php?rest_route=\/wp\/v2\/types\/post"}],"author":[{"embeddable":true,"href":"http:\/\/sportjudo.cz\/index.php?rest_route=\/wp\/v2\/users\/5"}],"replies":[{"embeddable":true,"href":"http:\/\/sportjudo.cz\/index.php?rest_route=%2Fwp%2Fv2%2Fcomments&post=2278"}],"version-history":[{"count":1,"href":"http:\/\/sportjudo.cz\/index.php?rest_route=\/wp\/v2\/posts\/2278\/revisions"}],"predecessor-version":[{"id":2279,"href":"http:\/\/sportjudo.cz\/index.php?rest_route=\/wp\/v2\/posts\/2278\/revisions\/2279"}],"wp:featuredmedia":[{"embeddable":true,"href":"http:\/\/sportjudo.cz\/index.php?rest_route=\/wp\/v2\/media\/2275"}],"wp:attachment":[{"href":"http:\/\/sportjudo.cz\/index.php?rest_route=%2Fwp%2Fv2%2Fmedia&parent=2278"}],"wp:term":[{"taxonomy":"category","embeddable":true,"href":"http:\/\/sportjudo.cz\/index.php?rest_route=%2Fwp%2Fv2%2Fcategories&post=2278"},{"taxonomy":"post_tag","embeddable":true,"href":"http:\/\/sportjudo.cz\/index.php?rest_route=%2Fwp%2Fv2%2Ftags&post=2278"}],"curies":[{"name":"wp","href":"https:\/\/api.w.org\/{rel}","templated":true}]}}