{"id":323,"date":"2019-03-26T19:35:47","date_gmt":"2019-03-26T18:35:47","guid":{"rendered":"http:\/\/sportjudo.cz\/?p=323"},"modified":"2020-02-01T10:02:51","modified_gmt":"2020-02-01T09:02:51","slug":"mt-poznan","status":"publish","type":"post","link":"http:\/\/sportjudo.cz\/?p=323","title":{"rendered":"MT Pozna\u0148"},"content":{"rendered":"<p>Daniel Bayer 3. m\u00edsto, \u0160t\u011bp\u00e1nka Hojdarov\u00e1 5. m\u00edsto<\/p>\n<p><!--more--><\/p>\n<!-- index.php -->\n<div\n\tclass=\"ngg-galleryoverview\"\n\tid=\"ngg-gallery-86eb6c62c35443505a37ab425d3cdedc-1\">\n\n    \t\t<!-- Thumbnails -->\n\t\t\t\t<div id=\"ngg-image-0\" class=\"ngg-gallery-thumbnail-box\" >\n\t\t\t\t        <div class=\"ngg-gallery-thumbnail\">\n            <a href=\"http:\/\/sportjudo.cz\/wp-content\/uploads\/sites\/1\/nggallery\/mt_poznan\/IMG_0548.JPG\"\n               title=\"\"\n               data-src=\"http:\/\/sportjudo.cz\/wp-content\/uploads\/sites\/1\/nggallery\/mt_poznan\/IMG_0548.JPG\"\n               data-thumbnail=\"http:\/\/sportjudo.cz\/wp-content\/uploads\/sites\/1\/nggallery\/mt_poznan\/thumbs\/thumbs_IMG_0548.JPG\"\n               data-image-id=\"17\"\n               data-title=\"IMG_0548\"\n               data-description=\"\"\n               data-image-slug=\"img_0548\"\n               class='use_imagebrowser_effect' data-imagebrowser-url='http:\/\/sportjudo.cz\/index.php\/nggallery\/image\/%STUB%?p=323'>\n                <img\n                    title=\"IMG_0548\"\n                    alt=\"IMG_0548\"\n                    src=\"http:\/\/sportjudo.cz\/wp-content\/uploads\/sites\/1\/nggallery\/mt_poznan\/thumbs\/thumbs_IMG_0548.JPG\"\n                    width=\"640\"\n                    height=\"480\"\n                    style=\"max-width:100%;\"\n                \/>\n            <\/a>\n        <\/div>\n\t\t\t\t\t\t\t<\/div> \n\t\t\t\n        \n\t\t\t\t<div id=\"ngg-image-1\" class=\"ngg-gallery-thumbnail-box\" >\n\t\t\t\t        <div class=\"ngg-gallery-thumbnail\">\n            <a href=\"http:\/\/sportjudo.cz\/wp-content\/uploads\/sites\/1\/nggallery\/mt_poznan\/87bd953d-46fe-486e-845d-052c68abdfd5.JPG\"\n               title=\"\"\n               data-src=\"http:\/\/sportjudo.cz\/wp-content\/uploads\/sites\/1\/nggallery\/mt_poznan\/87bd953d-46fe-486e-845d-052c68abdfd5.JPG\"\n               data-thumbnail=\"http:\/\/sportjudo.cz\/wp-content\/uploads\/sites\/1\/nggallery\/mt_poznan\/thumbs\/thumbs_87bd953d-46fe-486e-845d-052c68abdfd5.JPG\"\n               data-image-id=\"18\"\n               data-title=\"87bd953d-46fe-486e-845d-052c68abdfd5\"\n               data-description=\"\"\n               data-image-slug=\"87bd953d-46fe-486e-845d-052c68abdfd5\"\n               class='use_imagebrowser_effect' data-imagebrowser-url='http:\/\/sportjudo.cz\/index.php\/nggallery\/image\/%STUB%?p=323'>\n                <img\n                    title=\"87bd953d-46fe-486e-845d-052c68abdfd5\"\n                    alt=\"87bd953d-46fe-486e-845d-052c68abdfd5\"\n                    src=\"http:\/\/sportjudo.cz\/wp-content\/uploads\/sites\/1\/nggallery\/mt_poznan\/thumbs\/thumbs_87bd953d-46fe-486e-845d-052c68abdfd5.JPG\"\n                    width=\"1600\"\n                    height=\"1200\"\n                    style=\"max-width:100%;\"\n                \/>\n            <\/a>\n        <\/div>\n\t\t\t\t\t\t\t<\/div> \n\t\t\t\n        \n\t\t\t\t<div id=\"ngg-image-2\" class=\"ngg-gallery-thumbnail-box\" >\n\t\t\t\t        <div class=\"ngg-gallery-thumbnail\">\n            <a href=\"http:\/\/sportjudo.cz\/wp-content\/uploads\/sites\/1\/nggallery\/mt_poznan\/d9dcb8a6-6338-4b2c-bc54-09499658efc2.JPG\"\n               title=\"\"\n               data-src=\"http:\/\/sportjudo.cz\/wp-content\/uploads\/sites\/1\/nggallery\/mt_poznan\/d9dcb8a6-6338-4b2c-bc54-09499658efc2.JPG\"\n               data-thumbnail=\"http:\/\/sportjudo.cz\/wp-content\/uploads\/sites\/1\/nggallery\/mt_poznan\/thumbs\/thumbs_d9dcb8a6-6338-4b2c-bc54-09499658efc2.JPG\"\n               data-image-id=\"19\"\n               data-title=\"d9dcb8a6-6338-4b2c-bc54-09499658efc2\"\n               data-description=\"\"\n               data-image-slug=\"d9dcb8a6-6338-4b2c-bc54-09499658efc2\"\n               class='use_imagebrowser_effect' data-imagebrowser-url='http:\/\/sportjudo.cz\/index.php\/nggallery\/image\/%STUB%?p=323'>\n                <img\n                    title=\"d9dcb8a6-6338-4b2c-bc54-09499658efc2\"\n                    alt=\"d9dcb8a6-6338-4b2c-bc54-09499658efc2\"\n                    src=\"http:\/\/sportjudo.cz\/wp-content\/uploads\/sites\/1\/nggallery\/mt_poznan\/thumbs\/thumbs_d9dcb8a6-6338-4b2c-bc54-09499658efc2.JPG\"\n                    width=\"1600\"\n                    height=\"1200\"\n                    style=\"max-width:100%;\"\n                \/>\n            <\/a>\n        <\/div>\n\t\t\t\t\t\t\t<\/div> \n\t\t\t\n        \n\t\t\n\t\t<!-- Pagination -->\n\t<div class='ngg-clear'><\/div>\t<\/div>\n\n","protected":false},"excerpt":{"rendered":"<p>Daniel Bayer 3. m\u00edsto, \u0160t\u011bp\u00e1nka Hojdarov\u00e1 5. m\u00edsto<\/p>\n","protected":false},"author":1,"featured_media":331,"comment_status":"open","ping_status":"open","sticky":false,"template":"","format":"standard","meta":{"ngg_post_thumbnail":0},"categories":[8,10],"tags":[],"_links":{"self":[{"href":"http:\/\/sportjudo.cz\/index.php?rest_route=\/wp\/v2\/posts\/323"}],"collection":[{"href":"http:\/\/sportjudo.cz\/index.php?rest_route=\/wp\/v2\/posts"}],"about":[{"href":"http:\/\/sportjudo.cz\/index.php?rest_route=\/wp\/v2\/types\/post"}],"author":[{"embeddable":true,"href":"http:\/\/sportjudo.cz\/index.php?rest_route=\/wp\/v2\/users\/1"}],"replies":[{"embeddable":true,"href":"http:\/\/sportjudo.cz\/index.php?rest_route=%2Fwp%2Fv2%2Fcomments&post=323"}],"version-history":[{"count":5,"href":"http:\/\/sportjudo.cz\/index.php?rest_route=\/wp\/v2\/posts\/323\/revisions"}],"predecessor-version":[{"id":350,"href":"http:\/\/sportjudo.cz\/index.php?rest_route=\/wp\/v2\/posts\/323\/revisions\/350"}],"wp:featuredmedia":[{"embeddable":true,"href":"http:\/\/sportjudo.cz\/index.php?rest_route=\/wp\/v2\/media\/331"}],"wp:attachment":[{"href":"http:\/\/sportjudo.cz\/index.php?rest_route=%2Fwp%2Fv2%2Fmedia&parent=323"}],"wp:term":[{"taxonomy":"category","embeddable":true,"href":"http:\/\/sportjudo.cz\/index.php?rest_route=%2Fwp%2Fv2%2Fcategories&post=323"},{"taxonomy":"post_tag","embeddable":true,"href":"http:\/\/sportjudo.cz\/index.php?rest_route=%2Fwp%2Fv2%2Ftags&post=323"}],"curies":[{"name":"wp","href":"https:\/\/api.w.org\/{rel}","templated":true}]}}