{"id":362,"date":"2019-09-08T15:21:03","date_gmt":"2019-09-08T15:21:03","guid":{"rendered":"http:\/\/sportjudo.cz\/?p=362"},"modified":"2020-02-01T10:04:08","modified_gmt":"2020-02-01T09:04:08","slug":"world-cadet-tour-tunis","status":"publish","type":"post","link":"http:\/\/sportjudo.cz\/?p=362","title":{"rendered":"World Cadet Tour Tunis"},"content":{"rendered":"<p>Va\u0161ek Nov\u00e1\u010dek z\u00edskal bronzovou medaili na World Cadet Tour v Tunisu ve v\u00e1ze do 60 kg. Michal Dole\u017eal p\u0159idal ve stejn\u00e9 v\u00e1ze 5.misto.<\/p>\n<p><!--more--><\/p>\n<!-- index.php -->\n<div\n\tclass=\"ngg-galleryoverview\"\n\tid=\"ngg-gallery-0a47e9be08e7f93ff4f584567d7b60d3-1\">\n\n    \t\t<!-- Thumbnails -->\n\t\t\t\t<div id=\"ngg-image-0\" class=\"ngg-gallery-thumbnail-box\" >\n\t\t\t\t        <div class=\"ngg-gallery-thumbnail\">\n            <a href=\"http:\/\/sportjudo.cz\/wct_tunis\/wct-tunis-1.jpeg\"\n               title=\"\"\n               data-src=\"http:\/\/sportjudo.cz\/wct_tunis\/wct-tunis-1.jpeg\"\n               data-thumbnail=\"http:\/\/sportjudo.cz\/wct_tunis\/thumbs\/thumbs_wct-tunis-1.jpeg\"\n               data-image-id=\"22\"\n               data-title=\"wct-tunis-1\"\n               data-description=\"\"\n               data-image-slug=\"wct-tunis-1\"\n               class='use_imagebrowser_effect' data-imagebrowser-url='http:\/\/sportjudo.cz\/index.php\/nggallery\/image\/%STUB%?p=362'>\n                <img\n                    title=\"wct-tunis-1\"\n                    alt=\"wct-tunis-1\"\n                    src=\"http:\/\/sportjudo.cz\/wct_tunis\/thumbs\/thumbs_wct-tunis-1.jpeg\"\n                    width=\"240\"\n                    height=\"160\"\n                    style=\"max-width:100%;\"\n                \/>\n            <\/a>\n        <\/div>\n\t\t\t\t\t\t\t<\/div> \n\t\t\t\n        \n\t\t\t\t<div id=\"ngg-image-1\" class=\"ngg-gallery-thumbnail-box\" >\n\t\t\t\t        <div class=\"ngg-gallery-thumbnail\">\n            <a href=\"http:\/\/sportjudo.cz\/wct_tunis\/wct-tunis-2.jpeg\"\n               title=\"\"\n               data-src=\"http:\/\/sportjudo.cz\/wct_tunis\/wct-tunis-2.jpeg\"\n               data-thumbnail=\"http:\/\/sportjudo.cz\/wct_tunis\/thumbs\/thumbs_wct-tunis-2.jpeg\"\n               data-image-id=\"23\"\n               data-title=\"wct-tunis-2\"\n               data-description=\"\"\n               data-image-slug=\"wct-tunis-2\"\n               class='use_imagebrowser_effect' data-imagebrowser-url='http:\/\/sportjudo.cz\/index.php\/nggallery\/image\/%STUB%?p=362'>\n                <img\n                    title=\"wct-tunis-2\"\n                    alt=\"wct-tunis-2\"\n                    src=\"http:\/\/sportjudo.cz\/wct_tunis\/thumbs\/thumbs_wct-tunis-2.jpeg\"\n                    width=\"240\"\n                    height=\"160\"\n                    style=\"max-width:100%;\"\n                \/>\n            <\/a>\n        <\/div>\n\t\t\t\t\t\t\t<\/div> \n\t\t\t\n        \n\t\t\t\t<div id=\"ngg-image-2\" class=\"ngg-gallery-thumbnail-box\" >\n\t\t\t\t        <div class=\"ngg-gallery-thumbnail\">\n            <a href=\"http:\/\/sportjudo.cz\/wct_tunis\/wct-tunis-3.jpeg\"\n               title=\"\"\n               data-src=\"http:\/\/sportjudo.cz\/wct_tunis\/wct-tunis-3.jpeg\"\n               data-thumbnail=\"http:\/\/sportjudo.cz\/wct_tunis\/thumbs\/thumbs_wct-tunis-3.jpeg\"\n               data-image-id=\"24\"\n               data-title=\"wct-tunis-3\"\n               data-description=\"\"\n               data-image-slug=\"wct-tunis-3\"\n               class='use_imagebrowser_effect' data-imagebrowser-url='http:\/\/sportjudo.cz\/index.php\/nggallery\/image\/%STUB%?p=362'>\n                <img\n                    title=\"wct-tunis-3\"\n                    alt=\"wct-tunis-3\"\n                    src=\"http:\/\/sportjudo.cz\/wct_tunis\/thumbs\/thumbs_wct-tunis-3.jpeg\"\n                    width=\"1600\"\n                    height=\"903\"\n                    style=\"max-width:100%;\"\n                \/>\n            <\/a>\n        <\/div>\n\t\t\t\t\t\t\t<\/div> \n\t\t\t\n        \n\t\t\n\t\t<!-- Pagination -->\n\t<div class='ngg-clear'><\/div>\t<\/div>\n\n","protected":false},"excerpt":{"rendered":"<p>Va\u0161ek Nov\u00e1\u010dek z\u00edskal bronzovou medaili na World Cadet Tour v Tunisu ve v\u00e1ze do 60 kg. Michal Dole\u017eal p\u0159idal ve stejn\u00e9 v\u00e1ze 5.misto.<\/p>\n","protected":false},"author":1,"featured_media":367,"comment_status":"open","ping_status":"open","sticky":false,"template":"","format":"standard","meta":{"ngg_post_thumbnail":0},"categories":[8,12],"tags":[],"_links":{"self":[{"href":"http:\/\/sportjudo.cz\/index.php?rest_route=\/wp\/v2\/posts\/362"}],"collection":[{"href":"http:\/\/sportjudo.cz\/index.php?rest_route=\/wp\/v2\/posts"}],"about":[{"href":"http:\/\/sportjudo.cz\/index.php?rest_route=\/wp\/v2\/types\/post"}],"author":[{"embeddable":true,"href":"http:\/\/sportjudo.cz\/index.php?rest_route=\/wp\/v2\/users\/1"}],"replies":[{"embeddable":true,"href":"http:\/\/sportjudo.cz\/index.php?rest_route=%2Fwp%2Fv2%2Fcomments&post=362"}],"version-history":[{"count":1,"href":"http:\/\/sportjudo.cz\/index.php?rest_route=\/wp\/v2\/posts\/362\/revisions"}],"predecessor-version":[{"id":368,"href":"http:\/\/sportjudo.cz\/index.php?rest_route=\/wp\/v2\/posts\/362\/revisions\/368"}],"wp:featuredmedia":[{"embeddable":true,"href":"http:\/\/sportjudo.cz\/index.php?rest_route=\/wp\/v2\/media\/367"}],"wp:attachment":[{"href":"http:\/\/sportjudo.cz\/index.php?rest_route=%2Fwp%2Fv2%2Fmedia&parent=362"}],"wp:term":[{"taxonomy":"category","embeddable":true,"href":"http:\/\/sportjudo.cz\/index.php?rest_route=%2Fwp%2Fv2%2Fcategories&post=362"},{"taxonomy":"post_tag","embeddable":true,"href":"http:\/\/sportjudo.cz\/index.php?rest_route=%2Fwp%2Fv2%2Ftags&post=362"}],"curies":[{"name":"wp","href":"https:\/\/api.w.org\/{rel}","templated":true}]}}