{"id":448,"date":"2019-12-13T12:03:36","date_gmt":"2019-12-13T11:03:36","guid":{"rendered":"http:\/\/sportjudo.cz\/?p=448"},"modified":"2020-02-01T10:05:23","modified_gmt":"2020-02-01T09:05:23","slug":"zavody-v-chomutove","status":"publish","type":"post","link":"http:\/\/sportjudo.cz\/?p=448","title":{"rendered":"Z\u00e1vody v Chomutov\u011b"},"content":{"rendered":"<p>V sobotu 8.12. se konaly posledn\u00ed z\u00e1vody v tomto kalend\u00e1\u0159n\u00edm roce a to v Chomutov\u011b. Z na\u0161eho odd\u00edlu se z\u00fa\u010dasnilo celkem 8 z\u00e1vodn\u00edk\u016f. 1. m\u00edsto vybojovali Bar\u010da Zachov\u00e1, Tonda Vondr\u00e1\u010dek a Dan Kalina. 2. m\u00edsto Ondra Zach, Vanda Bayerov\u00e1 a 3. m\u00edsto Vojta \u010c\u00ed\u017eek a Luk\u00e1\u0161 Krulich. Bez medaile tentokr\u00e1t odjel M\u00ed\u0161a Dastl\u00edk. P\u0159est\u00e1vku mezi z\u00e1pasy vyplnili po\u0159adatel\u00e9 \u0161tafetou, kter\u00e9 se z\u00fa\u010dastnilo i na\u0161e dru\u017estvo ( ve slo\u017een\u00ed Bar\u010da Zachov\u00e1, Tonda Vondr\u00e1\u010dek a Luk\u00e1\u0161 Krulich). Z 8 t\u00fdm\u016f skon\u010dilo na\u0161e dru\u017estvo na kr\u00e1sn\u00e9m 3. m\u00edst\u011b a p\u0159evzali si zaslou\u017eenou odm\u011bnu v podob\u011b dortu, na kter\u00e9m si pak v\u0161ichni z\u00e1vodn\u00edci s chut\u00ed pochutnali. V\u0161em d\u011bkuji za \u00fa\u010dast a budu se t\u011b\u0161it v n\u00e1sleduj\u00edc\u00edm kalend\u00e1\u0159n\u00edm roce na dal\u0161\u00ed \u00fasp\u011bchy litom\u011b\u0159ick\u00fdch judist\u016f.<\/p>\n","protected":false},"excerpt":{"rendered":"<p>V sobotu 8.12. se konaly posledn\u00ed z\u00e1vody v tomto kalend\u00e1\u0159n\u00edm roce a to v Chomutov\u011b. Z na\u0161eho odd\u00edlu se z\u00fa\u010dasnilo celkem 8 z\u00e1vodn\u00edk\u016f. 1. m\u00edsto vybojovali Bar\u010da Zachov\u00e1, Tonda Vondr\u00e1\u010dek a Dan Kalina. 2. m\u00edsto Ondra Zach, Vanda Bayerov\u00e1 a 3. m\u00edsto Vojta \u010c\u00ed\u017eek a Luk\u00e1\u0161 Krulich. Bez medaile tentokr\u00e1t odjel M\u00ed\u0161a Dastl\u00edk. P\u0159est\u00e1vku mezi&hellip;<\/p>\n","protected":false},"author":1,"featured_media":519,"comment_status":"open","ping_status":"open","sticky":false,"template":"","format":"standard","meta":{"ngg_post_thumbnail":0},"categories":[8,9],"tags":[],"_links":{"self":[{"href":"http:\/\/sportjudo.cz\/index.php?rest_route=\/wp\/v2\/posts\/448"}],"collection":[{"href":"http:\/\/sportjudo.cz\/index.php?rest_route=\/wp\/v2\/posts"}],"about":[{"href":"http:\/\/sportjudo.cz\/index.php?rest_route=\/wp\/v2\/types\/post"}],"author":[{"embeddable":true,"href":"http:\/\/sportjudo.cz\/index.php?rest_route=\/wp\/v2\/users\/1"}],"replies":[{"embeddable":true,"href":"http:\/\/sportjudo.cz\/index.php?rest_route=%2Fwp%2Fv2%2Fcomments&post=448"}],"version-history":[{"count":5,"href":"http:\/\/sportjudo.cz\/index.php?rest_route=\/wp\/v2\/posts\/448\/revisions"}],"predecessor-version":[{"id":521,"href":"http:\/\/sportjudo.cz\/index.php?rest_route=\/wp\/v2\/posts\/448\/revisions\/521"}],"wp:featuredmedia":[{"embeddable":true,"href":"http:\/\/sportjudo.cz\/index.php?rest_route=\/wp\/v2\/media\/519"}],"wp:attachment":[{"href":"http:\/\/sportjudo.cz\/index.php?rest_route=%2Fwp%2Fv2%2Fmedia&parent=448"}],"wp:term":[{"taxonomy":"category","embeddable":true,"href":"http:\/\/sportjudo.cz\/index.php?rest_route=%2Fwp%2Fv2%2Fcategories&post=448"},{"taxonomy":"post_tag","embeddable":true,"href":"http:\/\/sportjudo.cz\/index.php?rest_route=%2Fwp%2Fv2%2Ftags&post=448"}],"curies":[{"name":"wp","href":"https:\/\/api.w.org\/{rel}","templated":true}]}}