{"id":515,"date":"2020-01-12T21:44:44","date_gmt":"2020-01-12T20:44:44","guid":{"rendered":"http:\/\/sportjudo.cz\/?p=515"},"modified":"2020-02-01T10:30:47","modified_gmt":"2020-02-01T09:30:47","slug":"prima-predvanocni-vikend-s-nadejnymi-zaky","status":"publish","type":"post","link":"http:\/\/sportjudo.cz\/?p=515","title":{"rendered":"Prima p\u0159edv\u00e1no\u010dn\u00ed v\u00edkend s nad\u011bjn\u00fdmi \u017e\u00e1ky"},"content":{"rendered":"<p>Prima p\u0159edv\u00e1no\u010dn\u00ed v\u00edkend s nad\u011bjn\u00fdmi \u017e\u00e1ky.<\/p>\n<!-- index.php -->\n<div\n\tclass=\"ngg-galleryoverview\"\n\tid=\"ngg-gallery-b0f45299c2f58f074fa5f68bde387802-1\">\n\n    \t\t<!-- Thumbnails -->\n\t\t\t\t<div id=\"ngg-image-0\" class=\"ngg-gallery-thumbnail-box\" >\n\t\t\t\t        <div class=\"ngg-gallery-thumbnail\">\n            <a href=\"http:\/\/sportjudo.cz\/predvanocni-vikend-2019\/01_Predvanocni_2019.jpg\"\n               title=\"\"\n               data-src=\"http:\/\/sportjudo.cz\/predvanocni-vikend-2019\/01_Predvanocni_2019.jpg\"\n               data-thumbnail=\"http:\/\/sportjudo.cz\/predvanocni-vikend-2019\/thumbs\/thumbs_01_Predvanocni_2019.jpg\"\n               data-image-id=\"76\"\n               data-title=\"01_Predvanocni_2019\"\n               data-description=\"\"\n               data-image-slug=\"01_predvanocni_2019-1\"\n               class='use_imagebrowser_effect' data-imagebrowser-url='http:\/\/sportjudo.cz\/index.php\/nggallery\/image\/%STUB%?p=515'>\n                <img\n                    title=\"01_Predvanocni_2019\"\n                    alt=\"01_Predvanocni_2019\"\n                    src=\"http:\/\/sportjudo.cz\/predvanocni-vikend-2019\/thumbs\/thumbs_01_Predvanocni_2019.jpg\"\n                    width=\"240\"\n                    height=\"160\"\n                    style=\"max-width:100%;\"\n                \/>\n            <\/a>\n        <\/div>\n\t\t\t\t\t\t\t<\/div> \n\t\t\t\n        \n\t\t\t\t<div id=\"ngg-image-1\" class=\"ngg-gallery-thumbnail-box\" >\n\t\t\t\t        <div class=\"ngg-gallery-thumbnail\">\n            <a href=\"http:\/\/sportjudo.cz\/predvanocni-vikend-2019\/02_Predvanocni_2019.jpg\"\n               title=\"\"\n               data-src=\"http:\/\/sportjudo.cz\/predvanocni-vikend-2019\/02_Predvanocni_2019.jpg\"\n               data-thumbnail=\"http:\/\/sportjudo.cz\/predvanocni-vikend-2019\/thumbs\/thumbs_02_Predvanocni_2019.jpg\"\n               data-image-id=\"77\"\n               data-title=\"02_Predvanocni_2019\"\n               data-description=\"\"\n               data-image-slug=\"02_predvanocni_2019-1\"\n               class='use_imagebrowser_effect' data-imagebrowser-url='http:\/\/sportjudo.cz\/index.php\/nggallery\/image\/%STUB%?p=515'>\n                <img\n                    title=\"02_Predvanocni_2019\"\n                    alt=\"02_Predvanocni_2019\"\n                    src=\"http:\/\/sportjudo.cz\/predvanocni-vikend-2019\/thumbs\/thumbs_02_Predvanocni_2019.jpg\"\n                    width=\"240\"\n                    height=\"160\"\n                    style=\"max-width:100%;\"\n                \/>\n            <\/a>\n        <\/div>\n\t\t\t\t\t\t\t<\/div> \n\t\t\t\n        \n\t\t\t\t<div id=\"ngg-image-2\" class=\"ngg-gallery-thumbnail-box\" >\n\t\t\t\t        <div class=\"ngg-gallery-thumbnail\">\n            <a href=\"http:\/\/sportjudo.cz\/predvanocni-vikend-2019\/03_Predvanocni_2019.jpg\"\n               title=\"\"\n               data-src=\"http:\/\/sportjudo.cz\/predvanocni-vikend-2019\/03_Predvanocni_2019.jpg\"\n               data-thumbnail=\"http:\/\/sportjudo.cz\/predvanocni-vikend-2019\/thumbs\/thumbs_03_Predvanocni_2019.jpg\"\n               data-image-id=\"78\"\n               data-title=\"03_Predvanocni_2019\"\n               data-description=\"\"\n               data-image-slug=\"03_predvanocni_2019-1\"\n               class='use_imagebrowser_effect' data-imagebrowser-url='http:\/\/sportjudo.cz\/index.php\/nggallery\/image\/%STUB%?p=515'>\n                <img\n                    title=\"03_Predvanocni_2019\"\n                    alt=\"03_Predvanocni_2019\"\n                    src=\"http:\/\/sportjudo.cz\/predvanocni-vikend-2019\/thumbs\/thumbs_03_Predvanocni_2019.jpg\"\n                    width=\"240\"\n                    height=\"160\"\n                    style=\"max-width:100%;\"\n                \/>\n            <\/a>\n        <\/div>\n\t\t\t\t\t\t\t<\/div> \n\t\t\t\n        \n\t\t\t\t<div id=\"ngg-image-3\" class=\"ngg-gallery-thumbnail-box\" >\n\t\t\t\t        <div class=\"ngg-gallery-thumbnail\">\n            <a href=\"http:\/\/sportjudo.cz\/predvanocni-vikend-2019\/04_Predvanocni_2019.jpg\"\n               title=\"\"\n               data-src=\"http:\/\/sportjudo.cz\/predvanocni-vikend-2019\/04_Predvanocni_2019.jpg\"\n               data-thumbnail=\"http:\/\/sportjudo.cz\/predvanocni-vikend-2019\/thumbs\/thumbs_04_Predvanocni_2019.jpg\"\n               data-image-id=\"79\"\n               data-title=\"04_Predvanocni_2019\"\n               data-description=\"\"\n               data-image-slug=\"04_predvanocni_2019-1\"\n               class='use_imagebrowser_effect' data-imagebrowser-url='http:\/\/sportjudo.cz\/index.php\/nggallery\/image\/%STUB%?p=515'>\n                <img\n                    title=\"04_Predvanocni_2019\"\n                    alt=\"04_Predvanocni_2019\"\n                    src=\"http:\/\/sportjudo.cz\/predvanocni-vikend-2019\/thumbs\/thumbs_04_Predvanocni_2019.jpg\"\n                    width=\"240\"\n                    height=\"160\"\n                    style=\"max-width:100%;\"\n                \/>\n            <\/a>\n        <\/div>\n\t\t\t\t\t\t\t<\/div> \n\t\t\t\n        \n\t\t\t\t<div id=\"ngg-image-4\" class=\"ngg-gallery-thumbnail-box\" >\n\t\t\t\t        <div class=\"ngg-gallery-thumbnail\">\n            <a href=\"http:\/\/sportjudo.cz\/predvanocni-vikend-2019\/05_Predvanocni_2019.jpg\"\n               title=\"\"\n               data-src=\"http:\/\/sportjudo.cz\/predvanocni-vikend-2019\/05_Predvanocni_2019.jpg\"\n               data-thumbnail=\"http:\/\/sportjudo.cz\/predvanocni-vikend-2019\/thumbs\/thumbs_05_Predvanocni_2019.jpg\"\n               data-image-id=\"80\"\n               data-title=\"05_Predvanocni_2019\"\n               data-description=\"\"\n               data-image-slug=\"05_predvanocni_2019-1\"\n               class='use_imagebrowser_effect' data-imagebrowser-url='http:\/\/sportjudo.cz\/index.php\/nggallery\/image\/%STUB%?p=515'>\n                <img\n                    title=\"05_Predvanocni_2019\"\n                    alt=\"05_Predvanocni_2019\"\n                    src=\"http:\/\/sportjudo.cz\/predvanocni-vikend-2019\/thumbs\/thumbs_05_Predvanocni_2019.jpg\"\n                    width=\"240\"\n                    height=\"160\"\n                    style=\"max-width:100%;\"\n                \/>\n            <\/a>\n        <\/div>\n\t\t\t\t\t\t\t<\/div> \n\t\t\t\n        \n\t\t\t\t<div id=\"ngg-image-5\" class=\"ngg-gallery-thumbnail-box\" >\n\t\t\t\t        <div class=\"ngg-gallery-thumbnail\">\n            <a href=\"http:\/\/sportjudo.cz\/predvanocni-vikend-2019\/06_Predvanocni_2019.jpg\"\n               title=\"\"\n               data-src=\"http:\/\/sportjudo.cz\/predvanocni-vikend-2019\/06_Predvanocni_2019.jpg\"\n               data-thumbnail=\"http:\/\/sportjudo.cz\/predvanocni-vikend-2019\/thumbs\/thumbs_06_Predvanocni_2019.jpg\"\n               data-image-id=\"81\"\n               data-title=\"06_Predvanocni_2019\"\n               data-description=\"\"\n               data-image-slug=\"06_predvanocni_2019-1\"\n               class='use_imagebrowser_effect' data-imagebrowser-url='http:\/\/sportjudo.cz\/index.php\/nggallery\/image\/%STUB%?p=515'>\n                <img\n                    title=\"06_Predvanocni_2019\"\n                    alt=\"06_Predvanocni_2019\"\n                    src=\"http:\/\/sportjudo.cz\/predvanocni-vikend-2019\/thumbs\/thumbs_06_Predvanocni_2019.jpg\"\n                    width=\"240\"\n                    height=\"160\"\n                    style=\"max-width:100%;\"\n                \/>\n            <\/a>\n        <\/div>\n\t\t\t\t\t\t\t<\/div> \n\t\t\t\n        \n\t\t\t\t<div id=\"ngg-image-6\" class=\"ngg-gallery-thumbnail-box\" >\n\t\t\t\t        <div class=\"ngg-gallery-thumbnail\">\n            <a href=\"http:\/\/sportjudo.cz\/predvanocni-vikend-2019\/07_Predvanocni_2019.jpg\"\n               title=\"\"\n               data-src=\"http:\/\/sportjudo.cz\/predvanocni-vikend-2019\/07_Predvanocni_2019.jpg\"\n               data-thumbnail=\"http:\/\/sportjudo.cz\/predvanocni-vikend-2019\/thumbs\/thumbs_07_Predvanocni_2019.jpg\"\n               data-image-id=\"82\"\n               data-title=\"07_Predvanocni_2019\"\n               data-description=\"\"\n               data-image-slug=\"07_predvanocni_2019-1\"\n               class='use_imagebrowser_effect' data-imagebrowser-url='http:\/\/sportjudo.cz\/index.php\/nggallery\/image\/%STUB%?p=515'>\n                <img\n                    title=\"07_Predvanocni_2019\"\n                    alt=\"07_Predvanocni_2019\"\n                    src=\"http:\/\/sportjudo.cz\/predvanocni-vikend-2019\/thumbs\/thumbs_07_Predvanocni_2019.jpg\"\n                    width=\"240\"\n                    height=\"160\"\n                    style=\"max-width:100%;\"\n                \/>\n            <\/a>\n        <\/div>\n\t\t\t\t\t\t\t<\/div> \n\t\t\t\n        \n\t\t\n\t\t<!-- Pagination -->\n\t<div class='ngg-clear'><\/div>\t<\/div>\n\n","protected":false},"excerpt":{"rendered":"<p>Prima p\u0159edv\u00e1no\u010dn\u00ed v\u00edkend s nad\u011bjn\u00fdmi \u017e\u00e1ky. &nbsp;<\/p>\n","protected":false},"author":1,"featured_media":807,"comment_status":"closed","ping_status":"open","sticky":false,"template":"","format":"standard","meta":{"ngg_post_thumbnail":0},"categories":[6],"tags":[],"_links":{"self":[{"href":"http:\/\/sportjudo.cz\/index.php?rest_route=\/wp\/v2\/posts\/515"}],"collection":[{"href":"http:\/\/sportjudo.cz\/index.php?rest_route=\/wp\/v2\/posts"}],"about":[{"href":"http:\/\/sportjudo.cz\/index.php?rest_route=\/wp\/v2\/types\/post"}],"author":[{"embeddable":true,"href":"http:\/\/sportjudo.cz\/index.php?rest_route=\/wp\/v2\/users\/1"}],"replies":[{"embeddable":true,"href":"http:\/\/sportjudo.cz\/index.php?rest_route=%2Fwp%2Fv2%2Fcomments&post=515"}],"version-history":[{"count":2,"href":"http:\/\/sportjudo.cz\/index.php?rest_route=\/wp\/v2\/posts\/515\/revisions"}],"predecessor-version":[{"id":786,"href":"http:\/\/sportjudo.cz\/index.php?rest_route=\/wp\/v2\/posts\/515\/revisions\/786"}],"wp:featuredmedia":[{"embeddable":true,"href":"http:\/\/sportjudo.cz\/index.php?rest_route=\/wp\/v2\/media\/807"}],"wp:attachment":[{"href":"http:\/\/sportjudo.cz\/index.php?rest_route=%2Fwp%2Fv2%2Fmedia&parent=515"}],"wp:term":[{"taxonomy":"category","embeddable":true,"href":"http:\/\/sportjudo.cz\/index.php?rest_route=%2Fwp%2Fv2%2Fcategories&post=515"},{"taxonomy":"post_tag","embeddable":true,"href":"http:\/\/sportjudo.cz\/index.php?rest_route=%2Fwp%2Fv2%2Ftags&post=515"}],"curies":[{"name":"wp","href":"https:\/\/api.w.org\/{rel}","templated":true}]}}