{"id":814,"date":"2020-02-03T10:14:40","date_gmt":"2020-02-03T09:14:40","guid":{"rendered":"http:\/\/sportjudo.cz\/?p=814"},"modified":"2020-03-07T11:46:34","modified_gmt":"2020-03-07T10:46:34","slug":"usk-cup-praha","status":"publish","type":"post","link":"http:\/\/sportjudo.cz\/?p=814","title":{"rendered":"USK Cup Praha"},"content":{"rendered":"<div>Junio\u0159i testovali svoji formu na USK Cupu v Praze. Zlato si odv\u00e1\u017e\u00ed z turnaje Jan Ma\u0161ek, kter\u00fd startoval v kategorii nad 100 kg. Ve v\u00e1ze do 73 kg obsadil sedm\u00e9 m\u00edsto Adam K\u00f6nig, p\u0159ekvapiv\u011b prvn\u00edm kolem&nbsp; nepro\u0161el ve stejn\u00e9 v\u00e1ze Jan Svoboda.<\/div>\n<div><!-- index.php -->\n<div\n\tclass=\"ngg-galleryoverview\"\n\tid=\"ngg-gallery-e92485909a2438b9d323419d2bfae60d-1\">\n\n    \t\t<!-- Thumbnails -->\n\t\t\t\t<div id=\"ngg-image-0\" class=\"ngg-gallery-thumbnail-box\" >\n\t\t\t\t        <div class=\"ngg-gallery-thumbnail\">\n            <a href=\"http:\/\/sportjudo.cz\/usk-cup-praha-2020\/01_USK_CUP_2020.JPG\"\n               title=\"\"\n               data-src=\"http:\/\/sportjudo.cz\/usk-cup-praha-2020\/01_USK_CUP_2020.JPG\"\n               data-thumbnail=\"http:\/\/sportjudo.cz\/usk-cup-praha-2020\/thumbs\/thumbs_01_USK_CUP_2020.JPG\"\n               data-image-id=\"96\"\n               data-title=\"01_USK_CUP_2020\"\n               data-description=\"\"\n               data-image-slug=\"01_usk_cup_2020\"\n               class='use_imagebrowser_effect' data-imagebrowser-url='http:\/\/sportjudo.cz\/index.php\/nggallery\/image\/%STUB%?p=814'>\n                <img\n                    title=\"01_USK_CUP_2020\"\n                    alt=\"01_USK_CUP_2020\"\n                    src=\"http:\/\/sportjudo.cz\/usk-cup-praha-2020\/thumbs\/thumbs_01_USK_CUP_2020.JPG\"\n                    width=\"240\"\n                    height=\"160\"\n                    style=\"max-width:100%;\"\n                \/>\n            <\/a>\n        <\/div>\n\t\t\t\t\t\t\t<\/div> \n\t\t\t\n        \n\t\t\n\t\t<!-- Pagination -->\n\t<div class='ngg-clear'><\/div>\t<\/div>\n<\/div>\n","protected":false},"excerpt":{"rendered":"<p>Junio\u0159i testovali svoji formu na USK Cupu v Praze. Zlato si odv\u00e1\u017e\u00ed z turnaje Jan Ma\u0161ek, kter\u00fd startoval v kategorii nad 100 kg. Ve v\u00e1ze do 73 kg obsadil sedm\u00e9 m\u00edsto Adam K\u00f6nig, p\u0159ekvapiv\u011b prvn\u00edm kolem&nbsp; nepro\u0161el ve stejn\u00e9 v\u00e1ze Jan Svoboda.<\/p>\n","protected":false},"author":3,"featured_media":926,"comment_status":"closed","ping_status":"open","sticky":false,"template":"","format":"status","meta":{"ngg_post_thumbnail":0},"categories":[8,13,14],"tags":[],"_links":{"self":[{"href":"http:\/\/sportjudo.cz\/index.php?rest_route=\/wp\/v2\/posts\/814"}],"collection":[{"href":"http:\/\/sportjudo.cz\/index.php?rest_route=\/wp\/v2\/posts"}],"about":[{"href":"http:\/\/sportjudo.cz\/index.php?rest_route=\/wp\/v2\/types\/post"}],"author":[{"embeddable":true,"href":"http:\/\/sportjudo.cz\/index.php?rest_route=\/wp\/v2\/users\/3"}],"replies":[{"embeddable":true,"href":"http:\/\/sportjudo.cz\/index.php?rest_route=%2Fwp%2Fv2%2Fcomments&post=814"}],"version-history":[{"count":2,"href":"http:\/\/sportjudo.cz\/index.php?rest_route=\/wp\/v2\/posts\/814\/revisions"}],"predecessor-version":[{"id":818,"href":"http:\/\/sportjudo.cz\/index.php?rest_route=\/wp\/v2\/posts\/814\/revisions\/818"}],"wp:featuredmedia":[{"embeddable":true,"href":"http:\/\/sportjudo.cz\/index.php?rest_route=\/wp\/v2\/media\/926"}],"wp:attachment":[{"href":"http:\/\/sportjudo.cz\/index.php?rest_route=%2Fwp%2Fv2%2Fmedia&parent=814"}],"wp:term":[{"taxonomy":"category","embeddable":true,"href":"http:\/\/sportjudo.cz\/index.php?rest_route=%2Fwp%2Fv2%2Fcategories&post=814"},{"taxonomy":"post_tag","embeddable":true,"href":"http:\/\/sportjudo.cz\/index.php?rest_route=%2Fwp%2Fv2%2Ftags&post=814"}],"curies":[{"name":"wp","href":"https:\/\/api.w.org\/{rel}","templated":true}]}}