{"id":901,"date":"2020-02-28T09:29:23","date_gmt":"2020-02-28T08:29:23","guid":{"rendered":"http:\/\/sportjudo.cz\/?p=901"},"modified":"2020-03-07T11:15:33","modified_gmt":"2020-03-07T10:15:33","slug":"1-dorostenecka-liga-praha","status":"publish","type":"post","link":"http:\/\/sportjudo.cz\/?p=901","title":{"rendered":"1. dorosteneck\u00e1 liga &#8211; Praha"},"content":{"rendered":"<p><!-- index.php -->\n<div\n\tclass=\"ngg-galleryoverview\"\n\tid=\"ngg-gallery-c2e2c02fe1fde0d3f841c81da9f896ea-1\">\n\n    \t\t<!-- Thumbnails -->\n\t\t\t\t<div id=\"ngg-image-0\" class=\"ngg-gallery-thumbnail-box\" >\n\t\t\t\t        <div class=\"ngg-gallery-thumbnail\">\n            <a href=\"http:\/\/sportjudo.cz\/dl-2020\/01_1_DL_Praha_2020.JPG\"\n               title=\"\"\n               data-src=\"http:\/\/sportjudo.cz\/dl-2020\/01_1_DL_Praha_2020.JPG\"\n               data-thumbnail=\"http:\/\/sportjudo.cz\/dl-2020\/thumbs\/thumbs_01_1_DL_Praha_2020.JPG\"\n               data-image-id=\"98\"\n               data-title=\"01_1_DL_Praha_2020\"\n               data-description=\"\"\n               data-image-slug=\"01_1_dl_praha_2020\"\n               class='use_imagebrowser_effect' data-imagebrowser-url='http:\/\/sportjudo.cz\/index.php\/nggallery\/image\/%STUB%?p=901'>\n                <img\n                    title=\"01_1_DL_Praha_2020\"\n                    alt=\"01_1_DL_Praha_2020\"\n                    src=\"http:\/\/sportjudo.cz\/dl-2020\/thumbs\/thumbs_01_1_DL_Praha_2020.JPG\"\n                    width=\"240\"\n                    height=\"160\"\n                    style=\"max-width:100%;\"\n                \/>\n            <\/a>\n        <\/div>\n\t\t\t\t\t\t\t<\/div> \n\t\t\t\n        \n\t\t\n\t\t<!-- Pagination -->\n\t<div class='ngg-clear'><\/div>\t<\/div>\n22. \u00fanora prob\u011bhlo 1. kolo dorosteneck\u00e9 ligy juda v Praze s t\u011bmito v\u00fdsledky:<\/p>\n<p><b>SJ Litom\u011b\u0159ice<\/b> &#8211; JC Plze\u0148 3:5<br \/>\n&#8211; Loko \u010cesk\u00e1 L\u00edpa 4:4<br \/>\n&#8211; JC Liberec 4:4<br \/>\n&#8211; USK Praha 2:6<br \/>\n&#8211; Tatran Prachatice 4:4<\/p>\n<p><b>Tabulka po prvn\u00edm kole:<\/b><\/p>\n<p>1.m\u00edsto USK Praha 5 0 0 10 bod\u016f 28v.<br \/>\n2.m\u00edsto JC Liberec 3 0 2 <span class=\"Apple-converted-space\">&nbsp; <\/span>6 bod\u016f 23v.<br \/>\n3.m\u00edsto JC Plze\u0148 3 0 2 <span class=\"Apple-converted-space\">&nbsp; <\/span>6 bod\u016f 19v.<br \/>\n4.m\u00edsto Loko \u010cesk\u00e1 L\u00edpa 2 1 2 <span class=\"Apple-converted-space\">&nbsp; <\/span>5 bod\u016f 17v.<br \/>\n5.m\u00edsto SJ Litom\u011b\u0159ice 1 1 3 <span class=\"Apple-converted-space\">&nbsp; <\/span>3 body 17v.<br \/>\n6.m\u00edsto Tatran Prachatice 0 0 5 <span class=\"Apple-converted-space\">&nbsp; <\/span>0 bod\u016f 14v.<\/p>\n<p><b>Z\u00e1pasov\u00e1 bilance SJ Litom\u011b\u0159ice:<\/b><\/p>\n<p>50kg (55) Daniel Kremla 2\/3<br \/>\n50kg (55) Samuel Bla\u017eek 2\/3<br \/>\n60kg &nbsp; &nbsp; &nbsp; &nbsp; Jakub Novotn\u00fd 1\/3<br \/>\n60kg &nbsp; &nbsp; &nbsp; &nbsp; Pavel Albrecht 0\/1<br \/>\n66kg (73) V\u00e1clav Nov\u00e1\u010dek 3\/2<br \/>\n66kg (73) Daniel Bayer 1\/2<br \/>\n73kg &nbsp; &nbsp; &nbsp; &nbsp; Ond\u0159ej Pt\u00e1\u010dek 0\/2<br \/>\n81kg &nbsp; &nbsp; &nbsp; &nbsp; Tom\u00e1\u0161 Zm\u00e1tlo 5\/0<br \/>\n90kg &nbsp; &nbsp; &nbsp; &nbsp;Oliver \u0160achl 3\/2<br \/>\n+90kg &nbsp; &nbsp; Mat\u011bj V\u00fdborn\u00fd 0\/5<\/p>\n<p>&nbsp;<\/p>\n<p>&nbsp;<\/p>\n","protected":false},"excerpt":{"rendered":"<p>22. \u00fanora prob\u011bhlo 1. kolo dorosteneck\u00e9 ligy juda v Praze s t\u011bmito v\u00fdsledky: SJ Litom\u011b\u0159ice &#8211; JC Plze\u0148 3:5 &#8211; Loko \u010cesk\u00e1 L\u00edpa 4:4 &#8211; JC Liberec 4:4 &#8211; USK Praha 2:6 &#8211; Tatran Prachatice 4:4 Tabulka po prvn\u00edm kole: 1.m\u00edsto USK Praha 5 0 0 10 bod\u016f 28v. 2.m\u00edsto JC Liberec 3 0 2&hellip;<\/p>\n","protected":false},"author":3,"featured_media":922,"comment_status":"closed","ping_status":"open","sticky":false,"template":"","format":"status","meta":{"ngg_post_thumbnail":0},"categories":[8,12],"tags":[],"_links":{"self":[{"href":"http:\/\/sportjudo.cz\/index.php?rest_route=\/wp\/v2\/posts\/901"}],"collection":[{"href":"http:\/\/sportjudo.cz\/index.php?rest_route=\/wp\/v2\/posts"}],"about":[{"href":"http:\/\/sportjudo.cz\/index.php?rest_route=\/wp\/v2\/types\/post"}],"author":[{"embeddable":true,"href":"http:\/\/sportjudo.cz\/index.php?rest_route=\/wp\/v2\/users\/3"}],"replies":[{"embeddable":true,"href":"http:\/\/sportjudo.cz\/index.php?rest_route=%2Fwp%2Fv2%2Fcomments&post=901"}],"version-history":[{"count":3,"href":"http:\/\/sportjudo.cz\/index.php?rest_route=\/wp\/v2\/posts\/901\/revisions"}],"predecessor-version":[{"id":904,"href":"http:\/\/sportjudo.cz\/index.php?rest_route=\/wp\/v2\/posts\/901\/revisions\/904"}],"wp:featuredmedia":[{"embeddable":true,"href":"http:\/\/sportjudo.cz\/index.php?rest_route=\/wp\/v2\/media\/922"}],"wp:attachment":[{"href":"http:\/\/sportjudo.cz\/index.php?rest_route=%2Fwp%2Fv2%2Fmedia&parent=901"}],"wp:term":[{"taxonomy":"category","embeddable":true,"href":"http:\/\/sportjudo.cz\/index.php?rest_route=%2Fwp%2Fv2%2Fcategories&post=901"},{"taxonomy":"post_tag","embeddable":true,"href":"http:\/\/sportjudo.cz\/index.php?rest_route=%2Fwp%2Fv2%2Ftags&post=901"}],"curies":[{"name":"wp","href":"https:\/\/api.w.org\/{rel}","templated":true}]}}