{"id":907,"date":"2020-03-01T08:20:49","date_gmt":"2020-03-01T07:20:49","guid":{"rendered":"http:\/\/sportjudo.cz\/?p=907"},"modified":"2020-03-07T11:18:47","modified_gmt":"2020-03-07T10:18:47","slug":"cp-ostrava","status":"publish","type":"post","link":"http:\/\/sportjudo.cz\/?p=907","title":{"rendered":"\u010cP Ostrava"},"content":{"rendered":"<p>Na \u010cesk\u00e9m poh\u00e1ru v Ostrav\u011b se letos utkalo 1064 z\u00e1vodn\u00edk\u016f v kategorii mlad\u0161\u00edch a star\u0161\u00edch \u017e\u00e1k\u016f. Na\u0161i borci vezou do Litom\u011b\u0159ic 2x zlato (\u0160t\u011bpka Hojdarov\u00e1, Honza Galia) 5. (B\u00e1ra Zachov\u00e1) a 7. m\u00edsto. (B\u00e1ra Jene\u0161ov\u00e1). D\u00e1le Daniel K\u00fchn, Kuba Vok\u00e1l, Petr Novotn\u00fd.<\/p>\n<!-- index.php -->\n<div\n\tclass=\"ngg-galleryoverview\"\n\tid=\"ngg-gallery-2acdfaccf0192389a34375b8ef5cd60d-1\">\n\n    \t\t<!-- Thumbnails -->\n\t\t\t\t<div id=\"ngg-image-0\" class=\"ngg-gallery-thumbnail-box\" >\n\t\t\t\t        <div class=\"ngg-gallery-thumbnail\">\n            <a href=\"http:\/\/sportjudo.cz\/cp-ostrava-2020\/01_CP_Ostrava_2020.JPG\"\n               title=\"\"\n               data-src=\"http:\/\/sportjudo.cz\/cp-ostrava-2020\/01_CP_Ostrava_2020.JPG\"\n               data-thumbnail=\"http:\/\/sportjudo.cz\/cp-ostrava-2020\/thumbs\/thumbs_01_CP_Ostrava_2020.JPG\"\n               data-image-id=\"99\"\n               data-title=\"01_CP_Ostrava_2020\"\n               data-description=\"\"\n               data-image-slug=\"01_cp_ostrava_2020\"\n               class='use_imagebrowser_effect' data-imagebrowser-url='http:\/\/sportjudo.cz\/index.php\/nggallery\/image\/%STUB%?p=907'>\n                <img\n                    title=\"01_CP_Ostrava_2020\"\n                    alt=\"01_CP_Ostrava_2020\"\n                    src=\"http:\/\/sportjudo.cz\/cp-ostrava-2020\/thumbs\/thumbs_01_CP_Ostrava_2020.JPG\"\n                    width=\"240\"\n                    height=\"160\"\n                    style=\"max-width:100%;\"\n                \/>\n            <\/a>\n        <\/div>\n\t\t\t\t\t\t\t<\/div> \n\t\t\t\n        \n\t\t\n\t\t<!-- Pagination -->\n\t<div class='ngg-clear'><\/div>\t<\/div>\n\n","protected":false},"excerpt":{"rendered":"<p>Na \u010cesk\u00e9m poh\u00e1ru v Ostrav\u011b se letos utkalo 1064 z\u00e1vodn\u00edk\u016f v kategorii mlad\u0161\u00edch a star\u0161\u00edch \u017e\u00e1k\u016f. Na\u0161i borci vezou do Litom\u011b\u0159ic 2x zlato (\u0160t\u011bpka Hojdarov\u00e1, Honza Galia) 5. (B\u00e1ra Zachov\u00e1) a 7. m\u00edsto. (B\u00e1ra Jene\u0161ov\u00e1). D\u00e1le Daniel K\u00fchn, Kuba Vok\u00e1l, Petr Novotn\u00fd.<\/p>\n","protected":false},"author":3,"featured_media":923,"comment_status":"closed","ping_status":"open","sticky":false,"template":"","format":"status","meta":{"ngg_post_thumbnail":0},"categories":[8,10,11],"tags":[],"_links":{"self":[{"href":"http:\/\/sportjudo.cz\/index.php?rest_route=\/wp\/v2\/posts\/907"}],"collection":[{"href":"http:\/\/sportjudo.cz\/index.php?rest_route=\/wp\/v2\/posts"}],"about":[{"href":"http:\/\/sportjudo.cz\/index.php?rest_route=\/wp\/v2\/types\/post"}],"author":[{"embeddable":true,"href":"http:\/\/sportjudo.cz\/index.php?rest_route=\/wp\/v2\/users\/3"}],"replies":[{"embeddable":true,"href":"http:\/\/sportjudo.cz\/index.php?rest_route=%2Fwp%2Fv2%2Fcomments&post=907"}],"version-history":[{"count":3,"href":"http:\/\/sportjudo.cz\/index.php?rest_route=\/wp\/v2\/posts\/907\/revisions"}],"predecessor-version":[{"id":910,"href":"http:\/\/sportjudo.cz\/index.php?rest_route=\/wp\/v2\/posts\/907\/revisions\/910"}],"wp:featuredmedia":[{"embeddable":true,"href":"http:\/\/sportjudo.cz\/index.php?rest_route=\/wp\/v2\/media\/923"}],"wp:attachment":[{"href":"http:\/\/sportjudo.cz\/index.php?rest_route=%2Fwp%2Fv2%2Fmedia&parent=907"}],"wp:term":[{"taxonomy":"category","embeddable":true,"href":"http:\/\/sportjudo.cz\/index.php?rest_route=%2Fwp%2Fv2%2Fcategories&post=907"},{"taxonomy":"post_tag","embeddable":true,"href":"http:\/\/sportjudo.cz\/index.php?rest_route=%2Fwp%2Fv2%2Ftags&post=907"}],"curies":[{"name":"wp","href":"https:\/\/api.w.org\/{rel}","templated":true}]}}